{"id":289075,"date":"2015-06-27T09:48:03","date_gmt":"2015-06-27T14:48:03","guid":{"rendered":"http:\/\/futboltotal.com.mx\/?p=289075"},"modified":"2015-06-27T09:48:50","modified_gmt":"2015-06-27T14:48:50","slug":"jackson-martinez-confirma-que-es-del-atletico-de-madrid","status":"publish","type":"post","link":"http:\/\/desarrollo.grupomedios.com\/futbol\/futbol-internacional\/jackson-martinez-confirma-que-es-del-atletico-de-madrid\/2015\/06","title":{"rendered":"Jackson confirma que es del Atl\u00e9tico de Madrid"},"content":{"rendered":"<p>La participaci\u00f3n de Colombia en la Copa Am\u00e9rica concluy\u00f3 y con ello, hay varios rumores que dejaron de serlo para convertirse en realidades. El primer caso resuelto fue el de <strong>Jackson Mart\u00ednez<\/strong>, que en apalabras del propio futbolista, ya tiene como nuevo equipo al Atl\u00e9tico de Madrid.<\/p>\n<p>&#8220;Ya puedo confirmar mi paso al Atl\u00e9tico. Est\u00e1 todo listo. Por ahora ir\u00e9 a disfrutar de mi familia y luego viajar\u00e9 a Espa\u00f1a para presentarme con mi nuevo club&#8221;, dijo el futbolista a los medios de comunicaci\u00f3n tras la eliminaci\u00f3n de su selecci\u00f3n.<\/p>\n<p>El delantero colombiano\u00a0afirm\u00f3 su\u00a0traspaso al conjunto rojiblanco para las pr\u00f3ximas cuatro temporadas. Con el acuerdo, se unir\u00e1 a una delantera que se perfila como temible para los <em>colchoneros<\/em>, con Griezmann, Torres y Vietto confirmados. A la espera de otro fichaje, o bien, de perfilar el estatus de Ra\u00fal Jim\u00e9nez y \u00c1ngel Correa.<\/p>\n<p>&#8220;Me entusiasma much\u00edsimo este paso al Atl\u00e9tico de Madrid, lo asumo como un nuevo reto en mi carrera y ahora espero que las cosas me salgan muy bien all\u00e1. Ir\u00e9 con todo el compromiso de aportar para que el club siga en esta evoluci\u00f3n&#8221;, a\u00f1adi\u00f3 Jackson.<\/p>\n<p>El tres veces goleador en Portugal confirm\u00f3 su mudanza a Espa\u00f1a. El pasado curoc concret\u00f3 21 goles en Liga, 7 en Champions League y sum\u00f3 tres m\u00e1s en la Copas.<\/p>\n","protected":false},"excerpt":{"rendered":"<p>El tres veces goleador en Portugal confirm\u00f3 su mudanza a Espa\u00f1a <\/p>\n","protected":false},"author":20,"featured_media":289077,"comment_status":"open","ping_status":"open","sticky":false,"template":"","format":"standard","meta":[],"categories":[3839,3844],"tags":[6007,6005,6039],"_links":{"self":[{"href":"http:\/\/desarrollo.grupomedios.com\/futbol\/wp-json\/wp\/v2\/posts\/289075"}],"collection":[{"href":"http:\/\/desarrollo.grupomedios.com\/futbol\/wp-json\/wp\/v2\/posts"}],"about":[{"href":"http:\/\/desarrollo.grupomedios.com\/futbol\/wp-json\/wp\/v2\/types\/post"}],"author":[{"embeddable":true,"href":"http:\/\/desarrollo.grupomedios.com\/futbol\/wp-json\/wp\/v2\/users\/20"}],"replies":[{"embeddable":true,"href":"http:\/\/desarrollo.grupomedios.com\/futbol\/wp-json\/wp\/v2\/comments?post=289075"}],"version-history":[{"count":0,"href":"http:\/\/desarrollo.grupomedios.com\/futbol\/wp-json\/wp\/v2\/posts\/289075\/revisions"}],"wp:featuredmedia":[{"embeddable":true,"href":"http:\/\/desarrollo.grupomedios.com\/futbol\/wp-json\/wp\/v2\/media\/289077"}],"wp:attachment":[{"href":"http:\/\/desarrollo.grupomedios.com\/futbol\/wp-json\/wp\/v2\/media?parent=289075"}],"wp:term":[{"taxonomy":"category","embeddable":true,"href":"http:\/\/desarrollo.grupomedios.com\/futbol\/wp-json\/wp\/v2\/categories?post=289075"},{"taxonomy":"post_tag","embeddable":true,"href":"http:\/\/desarrollo.grupomedios.com\/futbol\/wp-json\/wp\/v2\/tags?post=289075"}],"curies":[{"name":"wp","href":"https:\/\/api.w.org\/{rel}","templated":true}]}}