{"id":289121,"date":"2015-06-27T14:04:33","date_gmt":"2015-06-27T19:04:33","guid":{"rendered":"http:\/\/futboltotal.com.mx\/?p=289121"},"modified":"2015-06-27T14:04:33","modified_gmt":"2015-06-27T19:04:33","slug":"cracks-del-liverpool-cobran-penales-mareados","status":"publish","type":"post","link":"http:\/\/desarrollo.grupomedios.com\/futbol\/videos\/cracks-del-liverpool-cobran-penales-mareados\/2015\/06","title":{"rendered":"Cracks del Liverpool cobran penales mareados"},"content":{"rendered":"<p>Antes de que culminara la temporada 2014-2015, el <strong>Liverpool<\/strong> de la <strong>Premier League<\/strong>, tuvo un entrenamiento bastante divertido y fuera de lo ordinario.<\/p>\n<p>La contundencia de los futbolistas,\u00a0<strong>Phillipe Coutinho, Raheem Sterling, Lazar Markovic y Jordon Ibe<\/strong> fue puesta a prueba por el entrenador <strong>Brendan Rodgers<\/strong>. En un ejercicio muy inusual, el estratega los hizo cobrar una tanda de de penales en un estado de mareo.<\/p>\n<p>La din\u00e1mica consisti\u00f3 en que cada futbolista ten\u00eda que dar 15 vueltas alrededor de una sudadera colocada en el suelo \u00a0y despu\u00e9s tratase de anotar un penalti.<\/p>\n<p><iframe loading=\"lazy\" src=\"https:\/\/www.youtube.com\/embed\/5BTUd7cgRJk?feature=oembed\" frameborder=\"0\" allowfullscreen><\/iframe><\/p>\n","protected":false},"excerpt":{"rendered":"<p>Phillipe Coutinho y Raheem Sterling entraron a este reto divertido<\/p>\n","protected":false},"author":20,"featured_media":289122,"comment_status":"open","ping_status":"open","sticky":false,"template":"","format":"standard","meta":[],"categories":[3839,3846,4],"tags":[5989,2239],"_links":{"self":[{"href":"http:\/\/desarrollo.grupomedios.com\/futbol\/wp-json\/wp\/v2\/posts\/289121"}],"collection":[{"href":"http:\/\/desarrollo.grupomedios.com\/futbol\/wp-json\/wp\/v2\/posts"}],"about":[{"href":"http:\/\/desarrollo.grupomedios.com\/futbol\/wp-json\/wp\/v2\/types\/post"}],"author":[{"embeddable":true,"href":"http:\/\/desarrollo.grupomedios.com\/futbol\/wp-json\/wp\/v2\/users\/20"}],"replies":[{"embeddable":true,"href":"http:\/\/desarrollo.grupomedios.com\/futbol\/wp-json\/wp\/v2\/comments?post=289121"}],"version-history":[{"count":0,"href":"http:\/\/desarrollo.grupomedios.com\/futbol\/wp-json\/wp\/v2\/posts\/289121\/revisions"}],"wp:featuredmedia":[{"embeddable":true,"href":"http:\/\/desarrollo.grupomedios.com\/futbol\/wp-json\/wp\/v2\/media\/289122"}],"wp:attachment":[{"href":"http:\/\/desarrollo.grupomedios.com\/futbol\/wp-json\/wp\/v2\/media?parent=289121"}],"wp:term":[{"taxonomy":"category","embeddable":true,"href":"http:\/\/desarrollo.grupomedios.com\/futbol\/wp-json\/wp\/v2\/categories?post=289121"},{"taxonomy":"post_tag","embeddable":true,"href":"http:\/\/desarrollo.grupomedios.com\/futbol\/wp-json\/wp\/v2\/tags?post=289121"}],"curies":[{"name":"wp","href":"https:\/\/api.w.org\/{rel}","templated":true}]}}