{"id":289162,"date":"2015-06-27T17:10:24","date_gmt":"2015-06-27T22:10:24","guid":{"rendered":"http:\/\/futboltotal.com.mx\/?p=289162"},"modified":"2015-06-27T17:12:47","modified_gmt":"2015-06-27T22:12:47","slug":"jackson-martinez-espera-emular-a-falcao-en-el-atletico","status":"publish","type":"post","link":"http:\/\/desarrollo.grupomedios.com\/futbol\/futbol-internacional\/jackson-martinez-espera-emular-a-falcao-en-el-atletico\/2015\/06","title":{"rendered":"Jackson Mart\u00ednez espera emular a Falcao en el Atl\u00e9tico"},"content":{"rendered":"<p>El delantero colombiano, <strong>Jackson Mart\u00ednez<\/strong>, confirm\u00f3 su fichaje con el <strong>Atl\u00e9tico de Madrid<\/strong>, equipo donde espera emular lo hecho por su compatriota <strong>Radamel Falcao<\/strong>.<\/p>\n<p>&#8220;Ya es un hecho, puedo confirmar que todo est\u00e1 listo. Por ahora ir\u00e9 a disfrutar de mi familia y luego viajar\u00e9 a\u00a0Espa\u00f1a\u00a0para presentarme con mi nuevo club. Me entusiasma much\u00edsimo este paso al\u00a0<strong>Atl\u00e9tico de Madrid<\/strong>, lo asumo como un nuevo reto en mi carrera y ahora espero que las cosas me salgan muy bien all\u00e1. Ir\u00e9 con todo el compromiso de aportar para que el club siga en esta evoluci\u00f3n&#8221;, asever\u00f3 el artillero.<\/p>\n<p>Sin miedo a lo que esto significa, <em>Cha Cha Cha<\/em> anhela convertirse en \u00eddolo como lo hiciera el <em>Tigre <\/em><strong>Falcao<\/strong> de 2011 a 2013.<\/p>\n<p><strong>&#8220;Falcao<\/strong>\u00a0me dio las mejores referencias del\u00a0<strong>Atl\u00e9tico<\/strong>. \u00c9l fue un referente all\u00e1 y as\u00ed como llegu\u00e9 al\u00a0Porto\u00a0tras \u00e9l y me fue bien, espero que ac\u00e1 ocurra lo mismo&#8221;, se\u00f1al\u00f3 <strong>Jackson Mart\u00ednez<\/strong>, al mismo tiempo de indicar que ya convers\u00f3 con el t\u00e9cnico Diego Simeone.<\/p>\n<p>De esta forma, el ex ariete de Chiapas, puso punto final a su paso por el Porto, donde hizo 67 goles en 90 partidos de liga desde su arribo en 2012.<\/p>\n<p>\u00bfC\u00f3mo crees que le vaya a <strong>Jackson Mart\u00ednez<\/strong> en el<strong> Atl\u00e9tico de Madrid<\/strong>, <em>crack<\/em>?<\/p>\n","protected":false},"excerpt":{"rendered":"<p>El colombiano confirm\u00f3 su fichaje con los Colchoneros <\/p>\n","protected":false},"author":20,"featured_media":289163,"comment_status":"open","ping_status":"open","sticky":false,"template":"","format":"standard","meta":[],"categories":[3839,3844],"tags":[6007,6039,1208],"_links":{"self":[{"href":"http:\/\/desarrollo.grupomedios.com\/futbol\/wp-json\/wp\/v2\/posts\/289162"}],"collection":[{"href":"http:\/\/desarrollo.grupomedios.com\/futbol\/wp-json\/wp\/v2\/posts"}],"about":[{"href":"http:\/\/desarrollo.grupomedios.com\/futbol\/wp-json\/wp\/v2\/types\/post"}],"author":[{"embeddable":true,"href":"http:\/\/desarrollo.grupomedios.com\/futbol\/wp-json\/wp\/v2\/users\/20"}],"replies":[{"embeddable":true,"href":"http:\/\/desarrollo.grupomedios.com\/futbol\/wp-json\/wp\/v2\/comments?post=289162"}],"version-history":[{"count":0,"href":"http:\/\/desarrollo.grupomedios.com\/futbol\/wp-json\/wp\/v2\/posts\/289162\/revisions"}],"wp:featuredmedia":[{"embeddable":true,"href":"http:\/\/desarrollo.grupomedios.com\/futbol\/wp-json\/wp\/v2\/media\/289163"}],"wp:attachment":[{"href":"http:\/\/desarrollo.grupomedios.com\/futbol\/wp-json\/wp\/v2\/media?parent=289162"}],"wp:term":[{"taxonomy":"category","embeddable":true,"href":"http:\/\/desarrollo.grupomedios.com\/futbol\/wp-json\/wp\/v2\/categories?post=289162"},{"taxonomy":"post_tag","embeddable":true,"href":"http:\/\/desarrollo.grupomedios.com\/futbol\/wp-json\/wp\/v2\/tags?post=289162"}],"curies":[{"name":"wp","href":"https:\/\/api.w.org\/{rel}","templated":true}]}}