{"id":289177,"date":"2015-06-27T18:16:37","date_gmt":"2015-06-27T23:16:37","guid":{"rendered":"http:\/\/futboltotal.com.mx\/?p=289177"},"modified":"2015-06-27T18:16:37","modified_gmt":"2015-06-27T23:16:37","slug":"carlos-bacca-ya-seria-jugador-del-milan","status":"publish","type":"post","link":"http:\/\/desarrollo.grupomedios.com\/futbol\/futbol-internacional\/carlos-bacca-ya-seria-jugador-del-milan\/2015\/06","title":{"rendered":"Carlos Bacca ya ser\u00eda jugador del Milan"},"content":{"rendered":"<p>Sergio Barila, representante del delantero <strong>Carlos Bacca<\/strong>, dio a conocer que el colombiano jugar\u00e1 a partir de la pr\u00f3xima temporada en el <strong>Milan<\/strong>.<\/p>\n<p>&#8220;Confirmo que el <strong>Milan<\/strong> y el jugador han llegado a un acuerdo. <strong>Carlos (Bacca)<\/strong> ha elegido lo mejor para su futuro, es normal que est\u00e9 feliz&#8221;, dijo el representante en entrevista con <em>La Gazzetta Dello Sport.<\/em><\/p>\n<p>Aunque no se conoce el monto de la negociaci\u00f3n, se dice que el <strong>Milan<\/strong> habr\u00eda pagado al Sevilla 30 millones de euros, que ser\u00eda el costo de la cl\u00e1usula de rescisi\u00f3n de <strong>Carlos Bacca.<\/strong><\/p>\n<p>El acuerdo ser\u00eda por las pr\u00f3ximas cuatro temporadas. <strong>Bacca<\/strong> disput\u00f3 108 duelos con el Sevilla, donde marc\u00f3 49 goles, lo que le vali\u00f3 convertirse en uno de los delanteros top de la Liga espa\u00f1ola.<\/p>\n","protected":false},"excerpt":{"rendered":"<p>Su representante confirm\u00f3 el nuevo destino del atacante <\/p>\n","protected":false},"author":20,"featured_media":289178,"comment_status":"open","ping_status":"open","sticky":false,"template":"","format":"standard","meta":[],"categories":[3839,3844,3848],"tags":[3589,242],"_links":{"self":[{"href":"http:\/\/desarrollo.grupomedios.com\/futbol\/wp-json\/wp\/v2\/posts\/289177"}],"collection":[{"href":"http:\/\/desarrollo.grupomedios.com\/futbol\/wp-json\/wp\/v2\/posts"}],"about":[{"href":"http:\/\/desarrollo.grupomedios.com\/futbol\/wp-json\/wp\/v2\/types\/post"}],"author":[{"embeddable":true,"href":"http:\/\/desarrollo.grupomedios.com\/futbol\/wp-json\/wp\/v2\/users\/20"}],"replies":[{"embeddable":true,"href":"http:\/\/desarrollo.grupomedios.com\/futbol\/wp-json\/wp\/v2\/comments?post=289177"}],"version-history":[{"count":0,"href":"http:\/\/desarrollo.grupomedios.com\/futbol\/wp-json\/wp\/v2\/posts\/289177\/revisions"}],"wp:featuredmedia":[{"embeddable":true,"href":"http:\/\/desarrollo.grupomedios.com\/futbol\/wp-json\/wp\/v2\/media\/289178"}],"wp:attachment":[{"href":"http:\/\/desarrollo.grupomedios.com\/futbol\/wp-json\/wp\/v2\/media?parent=289177"}],"wp:term":[{"taxonomy":"category","embeddable":true,"href":"http:\/\/desarrollo.grupomedios.com\/futbol\/wp-json\/wp\/v2\/categories?post=289177"},{"taxonomy":"post_tag","embeddable":true,"href":"http:\/\/desarrollo.grupomedios.com\/futbol\/wp-json\/wp\/v2\/tags?post=289177"}],"curies":[{"name":"wp","href":"https:\/\/api.w.org\/{rel}","templated":true}]}}