{"id":289266,"date":"2015-06-28T09:38:06","date_gmt":"2015-06-28T14:38:06","guid":{"rendered":"http:\/\/futboltotal.com.mx\/?p=289266"},"modified":"2015-06-28T09:38:06","modified_gmt":"2015-06-28T14:38:06","slug":"van-gaal-molesto-por-traspaso-de-de-gea","status":"publish","type":"post","link":"http:\/\/desarrollo.grupomedios.com\/futbol\/futbol-internacional\/van-gaal-molesto-por-traspaso-de-de-gea\/2015\/06","title":{"rendered":"Van Gaal, molesto por traspaso de De Gea"},"content":{"rendered":"<p>El entrenador del <b>Manchester United,\u00a0<\/b><strong>Louis Van Gaal<\/strong>, asegur\u00f3 que el traspaso del <strong>Real Madrid<\/strong> a <strong>David de Gea<\/strong> lo tiene molesto, pero no se opondr\u00e1 si se concreta la salida del portero espa\u00f1ol de 24 a\u00f1os.<\/p>\n<p>\u201c\u00bfMolesto? S\u00ed, pero no tengo ning\u00fan problema\u201d, dijo el entrenador quien no dio detalles sobre la negativa del portero para renovar con el conjunto de Old Trafford.<\/p>\n<p>\u201cNo quiero responder al asunto a trav\u00e9s de los medios de comunicaci\u00f3n. Yo hablo con mis directivos&#8221;, expres\u00f3 el timonel al tiempo que descart\u00f3 que la situaci\u00f3n fuera conflictiva: &#8220;Eso lo dice la prensa no yo&#8221;.<\/p>\n<p>En la \u00faltima semana el caso de David de Gea ha tomado un vuelco inesperado toda vez que el precio de su traspaso ronda los 46 millones de euros e implica la marcha del central Sergio Ramos, incluido para reducir semejante cifra.<\/p>\n<p>El Real Madrid sigue con el firme objetivo de concretar el fichaje este verano, aunque tiene dos porteros de garant\u00edas como Iker Casillas y Keylor Navas. En los pr\u00f3ximos d\u00edas se definir\u00e1 si Ramos, cuyo contrato expira en 2017 y tiene una cl\u00e1usula de 200 mde, termina por dejar el club y De Gea por llegar al club que siempre so\u00f1\u00f3.<\/p>\n","protected":false},"excerpt":{"rendered":"<p>El DT del United habla sobre la marcha del espa\u00f1ol de 24 a\u00f1os <\/p>\n","protected":false},"author":20,"featured_media":289269,"comment_status":"open","ping_status":"open","sticky":false,"template":"","format":"standard","meta":[],"categories":[3839,3844,3846],"tags":[2918,43,5988,5198],"_links":{"self":[{"href":"http:\/\/desarrollo.grupomedios.com\/futbol\/wp-json\/wp\/v2\/posts\/289266"}],"collection":[{"href":"http:\/\/desarrollo.grupomedios.com\/futbol\/wp-json\/wp\/v2\/posts"}],"about":[{"href":"http:\/\/desarrollo.grupomedios.com\/futbol\/wp-json\/wp\/v2\/types\/post"}],"author":[{"embeddable":true,"href":"http:\/\/desarrollo.grupomedios.com\/futbol\/wp-json\/wp\/v2\/users\/20"}],"replies":[{"embeddable":true,"href":"http:\/\/desarrollo.grupomedios.com\/futbol\/wp-json\/wp\/v2\/comments?post=289266"}],"version-history":[{"count":0,"href":"http:\/\/desarrollo.grupomedios.com\/futbol\/wp-json\/wp\/v2\/posts\/289266\/revisions"}],"wp:featuredmedia":[{"embeddable":true,"href":"http:\/\/desarrollo.grupomedios.com\/futbol\/wp-json\/wp\/v2\/media\/289269"}],"wp:attachment":[{"href":"http:\/\/desarrollo.grupomedios.com\/futbol\/wp-json\/wp\/v2\/media?parent=289266"}],"wp:term":[{"taxonomy":"category","embeddable":true,"href":"http:\/\/desarrollo.grupomedios.com\/futbol\/wp-json\/wp\/v2\/categories?post=289266"},{"taxonomy":"post_tag","embeddable":true,"href":"http:\/\/desarrollo.grupomedios.com\/futbol\/wp-json\/wp\/v2\/tags?post=289266"}],"curies":[{"name":"wp","href":"https:\/\/api.w.org\/{rel}","templated":true}]}}