{"id":289295,"date":"2015-06-28T12:09:54","date_gmt":"2015-06-28T17:09:54","guid":{"rendered":"http:\/\/futboltotal.com.mx\/?p=289295"},"modified":"2015-11-06T11:57:55","modified_gmt":"2015-11-06T16:57:55","slug":"ramos-no-saldran-de-su-equipoferdinand","status":"publish","type":"post","link":"http:\/\/desarrollo.grupomedios.com\/futbol\/futbol-internacional\/ramos-no-saldran-de-su-equipoferdinand\/2015\/06","title":{"rendered":"Ramos no saldr\u00e1 de su equipo, Ferdinand"},"content":{"rendered":"<p><strong>Rio Ferdinand<\/strong>, ex futbolista del <strong>Manchester United<\/strong> y del <strong>Queens Park Rangers<\/strong>, mencion\u00f3 en entrevista que jugadores como <strong>Sergio Ramos<\/strong> y <strong>Bastian<\/strong>\u00a0<strong>Schweinsteiger,<\/strong> son caballeros de un solo club y ve dif\u00edcil sus transferencias.<\/p>\n<p>\u201c\u00bf<strong>Ramos\u00a0<\/strong>al Manchester United? Eso no va a suceder. \u00c9l no va a venir\u201d, declar\u00f3 Ferdinand para el medio Goal.com.<\/p>\n<p>El ex <em>Red Devil<\/em>, destac\u00f3 que este rumor solo lo usa el agente de Ramos con el objetivo de que la escuadra <em>Merengue<\/em> mejore su contrato.<\/p>\n<p>\u201cCreo que seguir\u00e1 en el\u00a0<strong>Real\u00a0Madrid\u00a0<\/strong>con un nuevo contrato. Quiz\u00e1s el agente est\u00e9 provocando rumores de que quiere dejar el club para tener una oferta r\u00e9cord\u201d.<\/p>\n<p>Con respecto al jugador del <strong>Bayern M\u00fanich<\/strong>, <strong>Ferdinand<\/strong> expres\u00f3 que\u00a0<strong>Schweinsteiger <\/strong>es del tipo de futbolistas de un solo club. <strong>Bastian<\/strong> dejar\u00e1 a la escuadra\u00a0<em>B\u00e1vara<\/em>\u00a0hasta su retiro.<\/p>\n<p>&#8220;\u00c9l es un hombre de club y estoy seguro de que le gustar\u00eda terminar su carrera en el\u00a0<strong>BayernM\u00fanich<\/strong>\u201d, concluy\u00f3.<\/p>\n","protected":false},"excerpt":{"rendered":"<p>El ex jugador del United mencion\u00f3 que Ramos y Schweinsteiger no saldr\u00e1n de sus clubes<\/p>\n","protected":false},"author":20,"featured_media":289296,"comment_status":"open","ping_status":"open","sticky":false,"template":"","format":"standard","meta":[],"categories":[3839,3846],"tags":[5643,6020],"_links":{"self":[{"href":"http:\/\/desarrollo.grupomedios.com\/futbol\/wp-json\/wp\/v2\/posts\/289295"}],"collection":[{"href":"http:\/\/desarrollo.grupomedios.com\/futbol\/wp-json\/wp\/v2\/posts"}],"about":[{"href":"http:\/\/desarrollo.grupomedios.com\/futbol\/wp-json\/wp\/v2\/types\/post"}],"author":[{"embeddable":true,"href":"http:\/\/desarrollo.grupomedios.com\/futbol\/wp-json\/wp\/v2\/users\/20"}],"replies":[{"embeddable":true,"href":"http:\/\/desarrollo.grupomedios.com\/futbol\/wp-json\/wp\/v2\/comments?post=289295"}],"version-history":[{"count":0,"href":"http:\/\/desarrollo.grupomedios.com\/futbol\/wp-json\/wp\/v2\/posts\/289295\/revisions"}],"wp:featuredmedia":[{"embeddable":true,"href":"http:\/\/desarrollo.grupomedios.com\/futbol\/wp-json\/wp\/v2\/media\/289296"}],"wp:attachment":[{"href":"http:\/\/desarrollo.grupomedios.com\/futbol\/wp-json\/wp\/v2\/media?parent=289295"}],"wp:term":[{"taxonomy":"category","embeddable":true,"href":"http:\/\/desarrollo.grupomedios.com\/futbol\/wp-json\/wp\/v2\/categories?post=289295"},{"taxonomy":"post_tag","embeddable":true,"href":"http:\/\/desarrollo.grupomedios.com\/futbol\/wp-json\/wp\/v2\/tags?post=289295"}],"curies":[{"name":"wp","href":"https:\/\/api.w.org\/{rel}","templated":true}]}}