{"id":289306,"date":"2015-06-28T06:52:20","date_gmt":"2015-06-28T11:52:20","guid":{"rendered":"http:\/\/futboltotal.com.mx\/?p=289306"},"modified":"2015-06-28T12:41:22","modified_gmt":"2015-06-28T17:41:22","slug":"ronaldinho-dice-adios-a-mexico","status":"publish","type":"post","link":"http:\/\/desarrollo.grupomedios.com\/futbol\/destacado-home\/ronaldinho-dice-adios-a-mexico\/2015\/06","title":{"rendered":"Ronaldinho dice adi\u00f3s a M\u00e9xico"},"content":{"rendered":"<p>La nostalgia tiene un sitio en el coraz\u00f3n de <strong>Ronaldinho<\/strong>. Despu\u00e9s de haber concluido su etapa con <em>Gallos Blancos<\/em> de <strong>Quer\u00e9taro,\u00a0<\/strong>el mediocampista brasile\u00f1o sigue a la espera de definir su pase al Vasco da Gama. Y mientras tanto recuerda la traves\u00eda que vivi\u00f3 en M\u00e9xico, donde la afici\u00f3n de <em>Gallos Blancos<\/em> lo arrop\u00f3 como en los viejos tiempos, como un \u00eddolo, un crack total. El gesto lo retribuye con una muestra de afecto: un emotivo mensaje que acompa\u00f1a con un video en el que muestra instantes que protagoniz\u00f3 durante su estad\u00eda en la que fue genio y figura del balompi\u00e9 <em>azteca.\u00a0<\/em><br \/>\n<iframe loading=\"lazy\" src=\"https:\/\/www.youtube.com\/embed\/9O3J36JiBKM\" frameborder=\"0\" allowfullscreen=\"allowfullscreen\"><\/iframe><br \/>\n&#8220;Quiero agradecer de coraz\u00f3n a toda la naci\u00f3n mexicana por los d\u00edas tan especiales que viv\u00ed con ustedes&#8230; Siempre estar\u00e1n en mi coraz\u00f3n&#8221;, aparece en el cierre del video de Ronaldinho.<\/p>\n","protected":false},"excerpt":{"rendered":"<p>El crack brasile\u00f1o se despide de la afici\u00f3n mexicana con un emotivo mensaje<\/p>\n","protected":false},"author":20,"featured_media":289308,"comment_status":"open","ping_status":"open","sticky":false,"template":"","format":"standard","meta":[],"categories":[5,2198],"tags":[5970,5997],"_links":{"self":[{"href":"http:\/\/desarrollo.grupomedios.com\/futbol\/wp-json\/wp\/v2\/posts\/289306"}],"collection":[{"href":"http:\/\/desarrollo.grupomedios.com\/futbol\/wp-json\/wp\/v2\/posts"}],"about":[{"href":"http:\/\/desarrollo.grupomedios.com\/futbol\/wp-json\/wp\/v2\/types\/post"}],"author":[{"embeddable":true,"href":"http:\/\/desarrollo.grupomedios.com\/futbol\/wp-json\/wp\/v2\/users\/20"}],"replies":[{"embeddable":true,"href":"http:\/\/desarrollo.grupomedios.com\/futbol\/wp-json\/wp\/v2\/comments?post=289306"}],"version-history":[{"count":0,"href":"http:\/\/desarrollo.grupomedios.com\/futbol\/wp-json\/wp\/v2\/posts\/289306\/revisions"}],"wp:featuredmedia":[{"embeddable":true,"href":"http:\/\/desarrollo.grupomedios.com\/futbol\/wp-json\/wp\/v2\/media\/289308"}],"wp:attachment":[{"href":"http:\/\/desarrollo.grupomedios.com\/futbol\/wp-json\/wp\/v2\/media?parent=289306"}],"wp:term":[{"taxonomy":"category","embeddable":true,"href":"http:\/\/desarrollo.grupomedios.com\/futbol\/wp-json\/wp\/v2\/categories?post=289306"},{"taxonomy":"post_tag","embeddable":true,"href":"http:\/\/desarrollo.grupomedios.com\/futbol\/wp-json\/wp\/v2\/tags?post=289306"}],"curies":[{"name":"wp","href":"https:\/\/api.w.org\/{rel}","templated":true}]}}