{"id":289350,"date":"2015-06-28T14:47:37","date_gmt":"2015-06-28T19:47:37","guid":{"rendered":"http:\/\/futboltotal.com.mx\/?p=289350"},"modified":"2015-06-28T14:48:17","modified_gmt":"2015-06-28T19:48:17","slug":"marco-torsiglieri-proximo-jugador-de-monarcas","status":"publish","type":"post","link":"http:\/\/desarrollo.grupomedios.com\/futbol\/futbol-mexicano\/marco-torsiglieri-proximo-jugador-de-monarcas\/2015\/06","title":{"rendered":"Marco Torsiglieri, pr\u00f3ximo jugador de Monarcas"},"content":{"rendered":"<p><b>Marco Torsiglieri<\/b> oficializ\u00f3 este domingo su salida del <b>Boca Juniors<\/b>. Y tras el anuncio, el propio defensa argentino, que se despidi\u00f3 del conjunto <i>xeneixe<\/i> este s\u00e1bado en su gira de pretemporada por los Estados Unidos, reconoci\u00f3 que su siguiente paso ser\u00e1 la <b>Liga MX<\/b>, donde jugar\u00e1 para <a href=\"http:\/\/futboltotal.com.mx\/equipos\/morelia\/\"><i>Monarcas<\/i> <b>Morelia<\/b><\/a>.<\/p>\n<p>\u201cEs un paso positivo en mi carrera, lo tomo para seguir aprendiendo; en el futbol nunca se termina de aprender y bienvenido sea. Habr\u00e1 que aprovecharlo\u201d, dijo <b>Marco Torsiglieri<\/b> al cuestionarle sobre su pr\u00f3xima aventura futbol\u00edstica en <i>Monarcas<\/i>.<\/p>\n<p>\u201cEl futbol de M\u00e9xico es muy r\u00e1pido, muy din\u00e1mico, se sale mucho jugando, eso es lindo para los defensores\u201d, agreg\u00f3 en entrevista para <i>ESPN<\/i>.<\/p>\n<p>Cabe destacar que con la llegada del argentino\u00a0<b>Marco Torsiglieri<\/b> a<b> Morelia<\/b>, <strong>Boca Juniors<\/strong>\u00a0estar\u00eda traspasando al segundo defensa al futbol mexicano en el presente mercado de verano, tras la salida de <a href=\"http:\/\/futboltotal.com.mx\/2015\/06\/burdisso-quinto-extranjero-del-leon\/\">Guillermo Burdisso, quien se presume es\u00a0nuevo\u00a0jugador del Le\u00f3n<\/a>.<\/p>\n<p><b>Marco Torsiglieri<\/b>, jugador de 27 a\u00f1os de edad que\u00a0surgi\u00f3 en la cantera del V\u00e9lez Sarsfield, lleg\u00f3 al conjunto\u00a0<i>xeneixe<\/i>\u00a0en la pasada\u00a0temporada,\u00a0proveniente del Metallist ucraniano, donde finaliz\u00f3\u00a0su aventura\u00a0europea, que contempla\u00a0al\u00a0Sporting de Lisboa, de la liga de Portugal,\u00a0y al Almer\u00eda, de Espa\u00f1a.<\/p>\n","protected":false},"excerpt":{"rendered":"<p>El defensa argentino oficializ\u00f3 su salida del Boca Juniors<\/p>\n","protected":false},"author":20,"featured_media":289356,"comment_status":"open","ping_status":"open","sticky":false,"template":"","format":"standard","meta":[],"categories":[2198,3845],"tags":[64,5647,784],"_links":{"self":[{"href":"http:\/\/desarrollo.grupomedios.com\/futbol\/wp-json\/wp\/v2\/posts\/289350"}],"collection":[{"href":"http:\/\/desarrollo.grupomedios.com\/futbol\/wp-json\/wp\/v2\/posts"}],"about":[{"href":"http:\/\/desarrollo.grupomedios.com\/futbol\/wp-json\/wp\/v2\/types\/post"}],"author":[{"embeddable":true,"href":"http:\/\/desarrollo.grupomedios.com\/futbol\/wp-json\/wp\/v2\/users\/20"}],"replies":[{"embeddable":true,"href":"http:\/\/desarrollo.grupomedios.com\/futbol\/wp-json\/wp\/v2\/comments?post=289350"}],"version-history":[{"count":0,"href":"http:\/\/desarrollo.grupomedios.com\/futbol\/wp-json\/wp\/v2\/posts\/289350\/revisions"}],"wp:featuredmedia":[{"embeddable":true,"href":"http:\/\/desarrollo.grupomedios.com\/futbol\/wp-json\/wp\/v2\/media\/289356"}],"wp:attachment":[{"href":"http:\/\/desarrollo.grupomedios.com\/futbol\/wp-json\/wp\/v2\/media?parent=289350"}],"wp:term":[{"taxonomy":"category","embeddable":true,"href":"http:\/\/desarrollo.grupomedios.com\/futbol\/wp-json\/wp\/v2\/categories?post=289350"},{"taxonomy":"post_tag","embeddable":true,"href":"http:\/\/desarrollo.grupomedios.com\/futbol\/wp-json\/wp\/v2\/tags?post=289350"}],"curies":[{"name":"wp","href":"https:\/\/api.w.org\/{rel}","templated":true}]}}