{"id":289464,"date":"2015-06-29T08:00:04","date_gmt":"2015-06-29T13:00:04","guid":{"rendered":"http:\/\/futboltotal.com.mx\/?p=289464"},"modified":"2015-06-29T09:49:45","modified_gmt":"2015-06-29T14:49:45","slug":"sergio-garcia-ficha-con-el-al-rayyan-de-qatar","status":"publish","type":"post","link":"http:\/\/desarrollo.grupomedios.com\/futbol\/destacado-home\/sergio-garcia-ficha-con-el-al-rayyan-de-qatar\/2015\/06","title":{"rendered":"Sergio Garc\u00eda ficha con el Al-Rayyan de Qatar"},"content":{"rendered":"<p><strong>Sergio Garc\u00eda<\/strong>, delantero que <strong>Cruz Azul<\/strong> pretend\u00eda desde hace ya varias semanas, ha dejado el Espanyol para fichar con el <strong>Al-Rayyan<\/strong> de Qatar.<\/p>\n<p>El espa\u00f1ol de 32 a\u00f1os fue anunciado por varios medios espa\u00f1oles como nuevo fichaje del club este lunes por la ma\u00f1ana, efectivamente terminando la posibilidad de que Cruz Azul podr\u00eda fichar al ahora excompa\u00f1ero de H\u00e9ctor Moreno.<\/p>\n<p>Garc\u00eda, surgido de la cantera del <strong>Barcelona<\/strong>, tuvo un periodo altamente exitoso en Espanyol, marcando 41 goles de liga entre el 2010 y 2015, con una marca alta de doce tantos en la temporada 2013-14. En el certamen reci\u00e9n terminado, Garc\u00eda jug\u00f3 en apenas 25 partidos de La Liga con los <em>Periquitos<\/em>, marcando nueve goles en la competencia dom\u00e9stica.<\/p>\n<p>El fichaje ser\u00e1 oficialmente anunciado por el Espanyol el siguiente martes en el Power8 Stadium, seg\u00fan medios espa\u00f1oles. Sergio Garc\u00eda se ir\u00e1 acompa\u00f1ado por Joan Callet, presidente del club, para formalmente desligar al atacante del equipo catal\u00e1n.<\/p>\n<p>Cruz Azul, por su parte, se ha mencionado como potencial destino para otros atacantes de prestigio internacional, como los brasile\u00f1os Alexandre Pato y Robinho. <em>La M\u00e1quina<\/em> ha fichado ya a jugadores como <strong>Ariel Rojas, Fabio Santos, Richard Ruiz, Lucas Silva, Marc Crosas y Jer\u00f3nimo Amione<\/strong> rumbo al Apertura 2015, donde ser\u00e1n dirigidos por Sergio Bueno, quien lleg\u00f3 en sustituci\u00f3n de Luis Fernando Tena.<\/p>\n","protected":false},"excerpt":{"rendered":"<p>El delantero espa\u00f1ol era objetivo de Cruz Azul<\/p>\n","protected":false},"author":20,"featured_media":286598,"comment_status":"open","ping_status":"open","sticky":false,"template":"","format":"standard","meta":[],"categories":[5,2198,3845],"tags":[5962,5214],"_links":{"self":[{"href":"http:\/\/desarrollo.grupomedios.com\/futbol\/wp-json\/wp\/v2\/posts\/289464"}],"collection":[{"href":"http:\/\/desarrollo.grupomedios.com\/futbol\/wp-json\/wp\/v2\/posts"}],"about":[{"href":"http:\/\/desarrollo.grupomedios.com\/futbol\/wp-json\/wp\/v2\/types\/post"}],"author":[{"embeddable":true,"href":"http:\/\/desarrollo.grupomedios.com\/futbol\/wp-json\/wp\/v2\/users\/20"}],"replies":[{"embeddable":true,"href":"http:\/\/desarrollo.grupomedios.com\/futbol\/wp-json\/wp\/v2\/comments?post=289464"}],"version-history":[{"count":0,"href":"http:\/\/desarrollo.grupomedios.com\/futbol\/wp-json\/wp\/v2\/posts\/289464\/revisions"}],"wp:featuredmedia":[{"embeddable":true,"href":"http:\/\/desarrollo.grupomedios.com\/futbol\/wp-json\/wp\/v2\/media\/286598"}],"wp:attachment":[{"href":"http:\/\/desarrollo.grupomedios.com\/futbol\/wp-json\/wp\/v2\/media?parent=289464"}],"wp:term":[{"taxonomy":"category","embeddable":true,"href":"http:\/\/desarrollo.grupomedios.com\/futbol\/wp-json\/wp\/v2\/categories?post=289464"},{"taxonomy":"post_tag","embeddable":true,"href":"http:\/\/desarrollo.grupomedios.com\/futbol\/wp-json\/wp\/v2\/tags?post=289464"}],"curies":[{"name":"wp","href":"https:\/\/api.w.org\/{rel}","templated":true}]}}