{"id":289576,"date":"2015-06-29T14:50:13","date_gmt":"2015-06-29T19:50:13","guid":{"rendered":"http:\/\/futboltotal.com.mx\/?p=289576"},"modified":"2015-06-29T14:51:23","modified_gmt":"2015-06-29T19:51:23","slug":"robinho-y-alexandre-pato-no-son-opcion-para-cruz-azul","status":"publish","type":"post","link":"http:\/\/desarrollo.grupomedios.com\/futbol\/futbol-mexicano\/robinho-y-alexandre-pato-no-son-opcion-para-cruz-azul\/2015\/06","title":{"rendered":"Robinho y Pato no son opci\u00f3n para Cruz Azul"},"content":{"rendered":"<p><a href=\"http:\/\/futboltotal.com.mx\/equipos\/cruz-azul\/\" target=\"_blank\"><strong>Cruz Azul<\/strong><\/a> se encuentra en la ardua b\u00fasqueda de encontrar al jugador que conforme una dupla letal en la delantera con Roque Santa Cruz, por ello investiga en el mercado extranjero. Ante este panorama los nombres de <strong>Robinho<\/strong> y <strong>Alexandre Pato<\/strong> comenzaron a rondar en la Noria, sin embargo, el t\u00e9cnico <strong>Sergio Bueno<\/strong> dio carpetazo al tema y neg\u00f3 que estos arietes se incorporen a sus filas.<\/p>\n<p>\u201c<strong>Robinho<\/strong> no, es un <em>crack<\/em> pero no est\u00e1 en nuestro escenario y <strong>Pato<\/strong> tampoco pero si me los traen pues estar\u00eda genial pero no se han mencionado, esa es la realidad. De los brasile\u00f1os que se han comentado son los que ustedes saben, Guilherme Gusmao del Atl\u00e9tico Mineiro pero algo hay por ah\u00ed que no se ha podido aterrizar la situaci\u00f3n pero se sigue trabajando en ello\u201d, coment\u00f3 el estratega.<\/p>\n<p>Antes de partir a Estados Unidos para que la <em>M\u00e1quina<\/em> siga con su pretemporada, el timonel del club admiti\u00f3 que hubo problemas para cerrar las contrataciones, pues estaban a una firmar de cerrar las negociaciones con Sergio Garc\u00eda, pero este <a href=\"http:\/\/futboltotal.com.mx\/2015\/06\/sergio-garcia-ficha-con-el-al-rayyan-de-qatar\/\" target=\"_blank\">termin\u00f3 por fichar con Al-Rayyan de Qatar<\/a>.<\/p>\n<p>\u201cSe han atorado cosas, parec\u00eda que ya ten\u00edamos amarrado a Sergio Garc\u00eda y result\u00f3 que no. Despu\u00e9s a otro argentino de gran nivel que no les digo el nombre pero estuvo en Italia muchos a\u00f1os y ahora est\u00e1 en Argentina y tambi\u00e9n se ator\u00f3. Las negociaciones tienen eso y mientras no se culminen al 100 por ciento no puedes dar por hecho\u201d explic\u00f3 Sergio Bueno.<\/p>\n","protected":false},"excerpt":{"rendered":"<p>As\u00ed lo afirm\u00f3 el t\u00e9cnico Sergio Bueno <\/p>\n","protected":false},"author":20,"featured_media":289582,"comment_status":"open","ping_status":"open","sticky":false,"template":"","format":"standard","meta":[],"categories":[2198,3845],"tags":[2298,5962,521],"_links":{"self":[{"href":"http:\/\/desarrollo.grupomedios.com\/futbol\/wp-json\/wp\/v2\/posts\/289576"}],"collection":[{"href":"http:\/\/desarrollo.grupomedios.com\/futbol\/wp-json\/wp\/v2\/posts"}],"about":[{"href":"http:\/\/desarrollo.grupomedios.com\/futbol\/wp-json\/wp\/v2\/types\/post"}],"author":[{"embeddable":true,"href":"http:\/\/desarrollo.grupomedios.com\/futbol\/wp-json\/wp\/v2\/users\/20"}],"replies":[{"embeddable":true,"href":"http:\/\/desarrollo.grupomedios.com\/futbol\/wp-json\/wp\/v2\/comments?post=289576"}],"version-history":[{"count":0,"href":"http:\/\/desarrollo.grupomedios.com\/futbol\/wp-json\/wp\/v2\/posts\/289576\/revisions"}],"wp:featuredmedia":[{"embeddable":true,"href":"http:\/\/desarrollo.grupomedios.com\/futbol\/wp-json\/wp\/v2\/media\/289582"}],"wp:attachment":[{"href":"http:\/\/desarrollo.grupomedios.com\/futbol\/wp-json\/wp\/v2\/media?parent=289576"}],"wp:term":[{"taxonomy":"category","embeddable":true,"href":"http:\/\/desarrollo.grupomedios.com\/futbol\/wp-json\/wp\/v2\/categories?post=289576"},{"taxonomy":"post_tag","embeddable":true,"href":"http:\/\/desarrollo.grupomedios.com\/futbol\/wp-json\/wp\/v2\/tags?post=289576"}],"curies":[{"name":"wp","href":"https:\/\/api.w.org\/{rel}","templated":true}]}}