{"id":289581,"date":"2015-06-29T16:09:18","date_gmt":"2015-06-29T21:09:18","guid":{"rendered":"http:\/\/futboltotal.com.mx\/?p=289581"},"modified":"2015-06-29T16:09:18","modified_gmt":"2015-06-29T21:09:18","slug":"jara-arruino-todo-con-una-accion-estupida","status":"publish","type":"post","link":"http:\/\/desarrollo.grupomedios.com\/futbol\/futbol-internacional\/jara-arruino-todo-con-una-accion-estupida\/2015\/06","title":{"rendered":"&#8220;Jara arruin\u00f3 todo con una acci\u00f3n est\u00fapida&#8221;"},"content":{"rendered":"<p><strong>Christian Heidel<\/strong>, presidente del equipo <strong>Mainz 05<\/strong>, declar\u00f3 a trav\u00e9s de la cuenta oficial del Club, que la suspensi\u00f3n de tres partidos impuestas por la Conmebol al futbolista Chileno, <strong>Gonzalo Jara<\/strong>, son consecuencia de su acto &#8220;est\u00fapido&#8221; sobre Edinson Cavani en el duelo de Cuartos de Final ante Uruguay.<\/p>\n<p>\u201cGonzalo Jara tuvo una muy, pero muy buena Copa Am\u00e9rica con Chile, pero lo arruin\u00f3 todo con una acci\u00f3n est\u00fapida\u201d, dijo el estratega.<\/p>\n<blockquote class=\"twitter-tweet\" lang=\"es\">\n<p dir=\"ltr\" lang=\"de\">Christian <a href=\"https:\/\/twitter.com\/hashtag\/Heidel?src=hash\">#Heidel<\/a>: &#8220;Gonzalo <a href=\"https:\/\/twitter.com\/hashtag\/Jara?src=hash\">#Jara<\/a> hat sich eine sehr, sehr gute <a href=\"https:\/\/twitter.com\/hashtag\/CopaAmerica?src=hash\">#CopaAmerica<\/a> mit <a href=\"https:\/\/twitter.com\/hashtag\/Chile?src=hash\">#Chile<\/a> durch eine dumme Aktion kaputtgemacht.&#8221;<\/p>\n<p>\u2014 1. FSV Mainz 05 e.V. (@1FSVMainz05) <a href=\"https:\/\/twitter.com\/1FSVMainz05\/status\/615483314120622080\">junio 29, 2015<\/a><\/p><\/blockquote>\n<p><script src=\"\/\/platform.twitter.com\/widgets.js\" async=\"\" charset=\"utf-8\"><\/script><br \/>\nEl conjunto alem\u00e1n public\u00f3 las palabras de Heidel, luego de que este d\u00eda el comite disciplinario anunci\u00f3 que rebajar\u00eda la sanci\u00f3n a Jara a dos partidos y le har\u00eda una reducci\u00f3n en la multa econ\u00f3mica de 7, 500 d\u00f3lares a solo 5,000.<\/p>\n<p>La semana pasada, Heidel declar\u00f3 que a pesar de que Jara tiene contrato hasta el 30 de junio del 2016, su estad\u00eda en el club no es segura. La acci\u00f3n de toquetear y picar el trasero de Edinson Cavani lo ha dejado transferible.<\/p>\n","protected":false},"excerpt":{"rendered":"<p>Heidel, DT del Mainz, critic\u00f3 duramente el gesto de Gonzalo Jara en la Copa Am\u00e9rica<\/p>\n","protected":false},"author":20,"featured_media":289609,"comment_status":"open","ping_status":"open","sticky":false,"template":"","format":"standard","meta":[],"categories":[3839,3844],"tags":[5656,669],"_links":{"self":[{"href":"http:\/\/desarrollo.grupomedios.com\/futbol\/wp-json\/wp\/v2\/posts\/289581"}],"collection":[{"href":"http:\/\/desarrollo.grupomedios.com\/futbol\/wp-json\/wp\/v2\/posts"}],"about":[{"href":"http:\/\/desarrollo.grupomedios.com\/futbol\/wp-json\/wp\/v2\/types\/post"}],"author":[{"embeddable":true,"href":"http:\/\/desarrollo.grupomedios.com\/futbol\/wp-json\/wp\/v2\/users\/20"}],"replies":[{"embeddable":true,"href":"http:\/\/desarrollo.grupomedios.com\/futbol\/wp-json\/wp\/v2\/comments?post=289581"}],"version-history":[{"count":0,"href":"http:\/\/desarrollo.grupomedios.com\/futbol\/wp-json\/wp\/v2\/posts\/289581\/revisions"}],"wp:featuredmedia":[{"embeddable":true,"href":"http:\/\/desarrollo.grupomedios.com\/futbol\/wp-json\/wp\/v2\/media\/289609"}],"wp:attachment":[{"href":"http:\/\/desarrollo.grupomedios.com\/futbol\/wp-json\/wp\/v2\/media?parent=289581"}],"wp:term":[{"taxonomy":"category","embeddable":true,"href":"http:\/\/desarrollo.grupomedios.com\/futbol\/wp-json\/wp\/v2\/categories?post=289581"},{"taxonomy":"post_tag","embeddable":true,"href":"http:\/\/desarrollo.grupomedios.com\/futbol\/wp-json\/wp\/v2\/tags?post=289581"}],"curies":[{"name":"wp","href":"https:\/\/api.w.org\/{rel}","templated":true}]}}