{"id":289589,"date":"2015-06-29T16:44:39","date_gmt":"2015-06-29T21:44:39","guid":{"rendered":"http:\/\/futboltotal.com.mx\/?p=289589"},"modified":"2015-06-29T16:44:39","modified_gmt":"2015-06-29T21:44:39","slug":"lucas-biglia-objetivo-del-real-madrid","status":"publish","type":"post","link":"http:\/\/desarrollo.grupomedios.com\/futbol\/futbol-internacional\/lucas-biglia-objetivo-del-real-madrid\/2015\/06","title":{"rendered":"Lucas Biglia, \u00bfobjetivo del Real Madrid?"},"content":{"rendered":"<p>En Italia,\u00a0 el nombre del centrocampista argentino <strong>Lucas Biglia<\/strong> suena lejos de la <strong>Lazio<\/strong>. A pesar de que tiene contrato hasta 2018, la posibilidad de un cambio de aires podr\u00eda darse, toda vez que ha sido colocado en la \u00f3rbita del<strong> Real Madrid.<\/strong><\/p>\n<p>Tras protagonizar una buena temporada en la Serie A en la que termin\u00f3 con poco rodaje debido a una lesi\u00f3n en el ligamento colateral de la rodilla derecha, <strong>Biglia<\/strong> aparece como futurible hu\u00e9sped de la<em> Casa Blanca <\/em>debido a su calidad como mediocentro que agrada al entrenador Rafael Ben\u00edtez.<\/p>\n<p>En este departemento, el conjunto<em> merengue<\/em> tiene pendiente definir si el brasile\u00f1o Lucas Silva, fichado a principios de a\u00f1o, continuar\u00e1 en el equipo o se ir\u00e1 cedido al Porto. Lo mismo sucede con Asier Illarramendi, quien en su segundo a\u00f1o como <em>Merengue<\/em> no tuvo la continuidad esperada-disput\u00f3 1724 minutos- e interesa al Liverpool como prestamo con opci\u00f3n a compra.<\/p>\n<p>Hace d\u00edas la <em>Gazetta dello Sport<\/em> public\u00f3 que el presidente del Lazio, Claudio Lottio, habr\u00eda declinado una oferta del Real Madrid por casi 30 millones de euros. Pero este martes, el diario espa\u00f1ol Marca afirma que no hubo tal oferta y resalta que<strong> Bliglia,\u00a0<\/strong>quien fall\u00f3 un penal que casi le cuesta el pase a Semifinales a Argentina, podr\u00eda llegar al equipo solo en caso de que <em>Illarra y<\/em> Silva no den el ancho en la pretemporada que dar\u00e1 inicio el pr\u00f3ximo 10 de julio.<\/p>\n","protected":false},"excerpt":{"rendered":"<p>El centrocampista argentino fue colocado en la agenda del Real Madrid<\/p>\n","protected":false},"author":20,"featured_media":289622,"comment_status":"open","ping_status":"open","sticky":false,"template":"","format":"standard","meta":[],"categories":[3839,3844],"tags":[5657,5988],"_links":{"self":[{"href":"http:\/\/desarrollo.grupomedios.com\/futbol\/wp-json\/wp\/v2\/posts\/289589"}],"collection":[{"href":"http:\/\/desarrollo.grupomedios.com\/futbol\/wp-json\/wp\/v2\/posts"}],"about":[{"href":"http:\/\/desarrollo.grupomedios.com\/futbol\/wp-json\/wp\/v2\/types\/post"}],"author":[{"embeddable":true,"href":"http:\/\/desarrollo.grupomedios.com\/futbol\/wp-json\/wp\/v2\/users\/20"}],"replies":[{"embeddable":true,"href":"http:\/\/desarrollo.grupomedios.com\/futbol\/wp-json\/wp\/v2\/comments?post=289589"}],"version-history":[{"count":0,"href":"http:\/\/desarrollo.grupomedios.com\/futbol\/wp-json\/wp\/v2\/posts\/289589\/revisions"}],"wp:featuredmedia":[{"embeddable":true,"href":"http:\/\/desarrollo.grupomedios.com\/futbol\/wp-json\/wp\/v2\/media\/289622"}],"wp:attachment":[{"href":"http:\/\/desarrollo.grupomedios.com\/futbol\/wp-json\/wp\/v2\/media?parent=289589"}],"wp:term":[{"taxonomy":"category","embeddable":true,"href":"http:\/\/desarrollo.grupomedios.com\/futbol\/wp-json\/wp\/v2\/categories?post=289589"},{"taxonomy":"post_tag","embeddable":true,"href":"http:\/\/desarrollo.grupomedios.com\/futbol\/wp-json\/wp\/v2\/tags?post=289589"}],"curies":[{"name":"wp","href":"https:\/\/api.w.org\/{rel}","templated":true}]}}