{"id":289611,"date":"2015-06-29T16:48:24","date_gmt":"2015-06-29T21:48:24","guid":{"rendered":"http:\/\/futboltotal.com.mx\/?p=289611"},"modified":"2015-06-29T18:02:35","modified_gmt":"2015-06-29T23:02:35","slug":"reducen-sancion-a-gonzalo-jara","status":"publish","type":"post","link":"http:\/\/desarrollo.grupomedios.com\/futbol\/futbol-internacional\/reducen-sancion-a-gonzalo-jara\/2015\/06","title":{"rendered":"Reducen sanci\u00f3n a Gonzalo Jara"},"content":{"rendered":"<p>La <strong>Conmebol<\/strong>\u00a0dictamin\u00f3 reducir la sanci\u00f3n econ\u00f3mica y de juegos de suspensi\u00f3n, al defensor <em>andino<\/em>,\u00a0<strong>Gonzalo Jara<\/strong>;\u00a0tras los reclamos de la Federaci\u00f3n de Futbol de Chile por el castigo antes impuesto; sin embargo, eso no evitar\u00e1 que el zaguero se pierda el resto de la <strong>Copa Am\u00e9rica<\/strong>.<\/p>\n<p>Jara hab\u00eda recibido tres partidos de suspensi\u00f3n, tras verse involucrado en los incidentes que mermaron el partido entre Chile y Uruguay, de los Cuartos de Final; principalmente por el conflicto con Edinson Cavani, que result\u00f3 con la expulsi\u00f3n del ariete <em>charr\u00faa<\/em>.<\/p>\n<p>No obstante, tras la apelaci\u00f3n de la Federaci\u00f3n de F\u00fatbol de Chile, la <strong>Conmebol<\/strong> decidi\u00f3 reducir a dos, los partidos de castigo para <strong>Gonzalo Jara<\/strong>.\u00a0Adem\u00e1s, tambi\u00e9n disminuy\u00f3 la multa econ\u00f3mica, de 7 mil 500 a 5 mil d\u00f3lares.<\/p>\n<p>El organismo rector del balompi\u00e9 sudamericano, decidi\u00f3 modificar la sentencia a Jara, debido a que la reclamaci\u00f3n de la Federaci\u00f3n de Chile incluye denuncias que describen el conflicto entre futbolistas en el duelo contra Uruguay; donde, varios jugadores <em>charr\u00faas<\/em> dijeron injurias de similar magnitud a las dichas por <strong>Gonzalo Jara<\/strong>.<\/p>\n<p>La Conmebol investigar\u00e1 lo sucedido para saber qu\u00e9 otros jugadores podr\u00edan merecer un castigo. Por otro lado, independientemente de las consecuencias que se deriven, Jara seguir\u00e1 aislado de la <strong>Copa Am\u00e9rica<\/strong>, pues los dos partidos que le restan a Chile en la justa, servir\u00e1n para cumplir su sentencia.<\/p>\n<p>El dictamen del organismo, se public\u00f3 a trav\u00e9s de la cuenta oficial de Twitter, de la Copa Am\u00e9rica 2015.<\/p>\n","protected":false},"excerpt":{"rendered":"<p>El castigo se reduce, pero Jara sigue fuera de Copa Am\u00e9rica<\/p>\n","protected":false},"author":20,"featured_media":289626,"comment_status":"open","ping_status":"open","sticky":false,"template":"","format":"standard","meta":[],"categories":[5516,3839,3844],"tags":[406,2130,5656],"_links":{"self":[{"href":"http:\/\/desarrollo.grupomedios.com\/futbol\/wp-json\/wp\/v2\/posts\/289611"}],"collection":[{"href":"http:\/\/desarrollo.grupomedios.com\/futbol\/wp-json\/wp\/v2\/posts"}],"about":[{"href":"http:\/\/desarrollo.grupomedios.com\/futbol\/wp-json\/wp\/v2\/types\/post"}],"author":[{"embeddable":true,"href":"http:\/\/desarrollo.grupomedios.com\/futbol\/wp-json\/wp\/v2\/users\/20"}],"replies":[{"embeddable":true,"href":"http:\/\/desarrollo.grupomedios.com\/futbol\/wp-json\/wp\/v2\/comments?post=289611"}],"version-history":[{"count":0,"href":"http:\/\/desarrollo.grupomedios.com\/futbol\/wp-json\/wp\/v2\/posts\/289611\/revisions"}],"wp:featuredmedia":[{"embeddable":true,"href":"http:\/\/desarrollo.grupomedios.com\/futbol\/wp-json\/wp\/v2\/media\/289626"}],"wp:attachment":[{"href":"http:\/\/desarrollo.grupomedios.com\/futbol\/wp-json\/wp\/v2\/media?parent=289611"}],"wp:term":[{"taxonomy":"category","embeddable":true,"href":"http:\/\/desarrollo.grupomedios.com\/futbol\/wp-json\/wp\/v2\/categories?post=289611"},{"taxonomy":"post_tag","embeddable":true,"href":"http:\/\/desarrollo.grupomedios.com\/futbol\/wp-json\/wp\/v2\/tags?post=289611"}],"curies":[{"name":"wp","href":"https:\/\/api.w.org\/{rel}","templated":true}]}}