{"id":289612,"date":"2015-06-29T17:30:17","date_gmt":"2015-06-29T22:30:17","guid":{"rendered":"http:\/\/futboltotal.com.mx\/?p=289612"},"modified":"2015-06-29T17:30:20","modified_gmt":"2015-06-29T22:30:20","slug":"ronaldinho-anuncia-jugara-en-turquia","status":"publish","type":"post","link":"http:\/\/desarrollo.grupomedios.com\/futbol\/destacado-home\/ronaldinho-anuncia-jugara-en-turquia\/2015\/06","title":{"rendered":"Ronaldinho anuncia que jugar\u00e1 en Turqu\u00eda"},"content":{"rendered":"<p><strong>Ronaldinho<\/strong> anunci\u00f3 este lunes que su pr\u00f3ximo destino futbol\u00edstico ser\u00e1 <strong>Turqu\u00eda<\/strong>. Y aunque no especific\u00f3 en qu\u00e9 equipo jugar\u00e1, todo indica que el astro brasile\u00f1o llegar\u00e1 al <strong>Antalyaspor<\/strong> turco, donde se reencontrar\u00e1 con el <em>crack<\/em> camerun\u00e9s <strong>Samuel Eto&#8217;o<\/strong>, con quien coincidi\u00f3 en el <strong>Barcelona<\/strong>.<\/p>\n<p>\u201cHola, saludos a todos. Vamos a estar juntos pronto en Turqu\u00eda\u201d, dijo <strong><a href=\"http:\/\/futboltotal.com.mx\/?s=ronaldinho\">Ronaldinho<\/a><\/strong> en un video publicado en <em>Instagram<\/em>.<\/p>\n<blockquote class=\"instagram-media\" style=\"background: #FFF; border: 0; border-radius: 3px; box-shadow: 0 0 1px 0 rgba(0,0,0,0.5),0 1px 10px 0 rgba(0,0,0,0.15); margin: 1px; max-width: 658px; padding: 0; width: calc(100% - 2px);\" data-instgrm-captioned=\"\" data-instgrm-version=\"4\">\n<div style=\"padding: 8px;\">\n<div style=\"background: #F8F8F8; line-height: 0; margin-top: 40px; padding: 50% 0; text-align: center; width: 100%;\"><\/div>\n<p style=\"margin: 8px 0 0 0; padding: 0 4px;\"><a style=\"color: #000; font-family: Arial,sans-serif; font-size: 14px; font-style: normal; font-weight: normal; line-height: 17px; text-decoration: none; word-wrap: break-word;\" href=\"https:\/\/instagram.com\/p\/4hVCojA7nP\/\" target=\"_top\">R\u00fcya olur dediler&#8230;Herkes KONUSUR B4L YAPAR \u203c\ufe0fPssssss Kardesim ronaldinho onlara SEN S\u00d6YLE&#8230;B4L ye Ho\u015fgeldin !!! &#x1f1f9;&#x1f1f7;&#x1f1e7;&#x1f1f7;&#x1f44a; #Ronaldhino #B4LMOVEMENT #herkeskonusurB4LYAPAR<\/a><\/p>\n<p style=\"color: #c9c8cd; font-family: Arial,sans-serif; font-size: 14px; line-height: 17px; margin-bottom: 0; margin-top: 8px; overflow: hidden; padding: 8px 0 7px; text-align: center; text-overflow: ellipsis; white-space: nowrap;\">Un v\u00eddeo publicado por \u00dcM\u0130T AKBULUT (@umit_akbulut) el <time style=\"font-family: Arial,sans-serif; font-size: 14px; line-height: 17px;\" datetime=\"2015-06-29T17:03:53+00:00\">29 de Jun de 2015 a la(s) 10:03 PDT<\/time><\/p>\n<\/div>\n<\/blockquote>\n<p><script src=\"\/\/platform.instagram.com\/en_US\/embeds.js\" async=\"\" defer=\"defer\"><\/script><\/p>\n<p><span style=\"color: #ff0000;\"><strong>Ronaldinho regresa a Europa<\/strong><\/span>. Tras anunciar su salida del Quer\u00e9taro, el astro brasile\u00f1o fue colocado en la MLS y en la \u00f3rbita del <strong>Antalyaspor<\/strong>, pero adem\u00e1s,\u00a0en los \u00faltimos d\u00edas fue vinculado al Vasco de Gama y al Fluminense del balompi\u00e9 brasile\u00f1o. Al final, el cuadro turco fue el elegido.<\/p>\n<p>El\u00a0<b>Antalyaspor<\/b>\u00a0acaba de ascender a la Superliga de\u00a0<b>Turqu\u00eda<\/b>. Y\u00a0tras\u00a0llegar a un acuerdo con el\u00a0camerun\u00e9s <strong>Samuel Eto\u2019o<\/strong>, se lanz\u00f3 por\u00a0<b>Ronaldinho<\/b>. Ahora, todo indica que\u00a0reunir\u00e1 a una de las mejores duplas en la historia del <strong>Barcelona<\/strong>; ambos jugadores fueron los principales responsables de la conquista de dos ligas y una <em>Champions<\/em> en sus cuatro a\u00f1os juntos en el <em>Bar\u00e7a<\/em> (2004-08).<\/p>\n","protected":false},"excerpt":{"rendered":"<p>El astro brasile\u00f1o adelant\u00f3 su pr\u00f3ximo arribo al futbol turco<\/p>\n","protected":false},"author":20,"featured_media":289615,"comment_status":"open","ping_status":"open","sticky":false,"template":"","format":"standard","meta":[],"categories":[5,3839],"tags":[5997],"_links":{"self":[{"href":"http:\/\/desarrollo.grupomedios.com\/futbol\/wp-json\/wp\/v2\/posts\/289612"}],"collection":[{"href":"http:\/\/desarrollo.grupomedios.com\/futbol\/wp-json\/wp\/v2\/posts"}],"about":[{"href":"http:\/\/desarrollo.grupomedios.com\/futbol\/wp-json\/wp\/v2\/types\/post"}],"author":[{"embeddable":true,"href":"http:\/\/desarrollo.grupomedios.com\/futbol\/wp-json\/wp\/v2\/users\/20"}],"replies":[{"embeddable":true,"href":"http:\/\/desarrollo.grupomedios.com\/futbol\/wp-json\/wp\/v2\/comments?post=289612"}],"version-history":[{"count":0,"href":"http:\/\/desarrollo.grupomedios.com\/futbol\/wp-json\/wp\/v2\/posts\/289612\/revisions"}],"wp:featuredmedia":[{"embeddable":true,"href":"http:\/\/desarrollo.grupomedios.com\/futbol\/wp-json\/wp\/v2\/media\/289615"}],"wp:attachment":[{"href":"http:\/\/desarrollo.grupomedios.com\/futbol\/wp-json\/wp\/v2\/media?parent=289612"}],"wp:term":[{"taxonomy":"category","embeddable":true,"href":"http:\/\/desarrollo.grupomedios.com\/futbol\/wp-json\/wp\/v2\/categories?post=289612"},{"taxonomy":"post_tag","embeddable":true,"href":"http:\/\/desarrollo.grupomedios.com\/futbol\/wp-json\/wp\/v2\/tags?post=289612"}],"curies":[{"name":"wp","href":"https:\/\/api.w.org\/{rel}","templated":true}]}}