{"id":289630,"date":"2015-06-29T17:28:04","date_gmt":"2015-06-29T22:28:04","guid":{"rendered":"http:\/\/futboltotal.com.mx\/?p=289630"},"modified":"2015-06-29T17:28:04","modified_gmt":"2015-06-29T22:28:04","slug":"lucas-lobos-se-perderia-el-apertura-2015","status":"publish","type":"post","link":"http:\/\/desarrollo.grupomedios.com\/futbol\/futbol-mexicano\/lucas-lobos-se-perderia-el-apertura-2015\/2015\/06","title":{"rendered":"Lucas Lobos se perder\u00eda el Apertura 2015"},"content":{"rendered":"<p><strong>Lucas Lobos<\/strong>, fue operado de su rodilla por desgaste de meniscos y estar\u00e1 en recuperaci\u00f3n de 6 a 8 semanas, lo que imposibilita su participaci\u00f3n en el <strong>Apertura 2015<\/strong>, aunado a que el futbolista, no hab\u00eda encontrado equipo durante el r\u00e9gimen de transferencias.<\/p>\n<p><strong>Toluca<\/strong>\u00a0coloc\u00f3 como transferible a <strong>Lucas Lobos<\/strong>\u00a0para el Draft celebrado a principios de junio, pero el jugador no encontr\u00f3 acomodo en alg\u00fan club de la Liga MX, durante la celebraci\u00f3n del mercado; no obstante, los <em>Diablos<\/em> le abrieron las puertas para entrenar en las instalaciones <em>chorizeras<\/em>.<\/p>\n<p>Cuando los <em>Diablos<\/em> pensaron en volver a contratar a Lucas, lleg\u00f3 la lesi\u00f3n en la rodilla que amerit\u00f3 la ciruj\u00eda; por lo que se volvieron a reducir las posibilidades de Lobos para participar en el Apertura 2015.<\/p>\n<p>A pesar de los inconvenientes, Jos\u00e9 Saturnino Cardozo ha mostrado solidaridad con Lucas, y afirma que buscara que el jugador siga siendo parte del plantel, a pesar de la lesi\u00f3n.<\/p>\n<p>&#8220;Lucas tiene una lesi\u00f3n importante en la rodilla y va a ser dif\u00edcil que se incorpore con nosotros, pero estamos analizando con la directiva, sabemos la calidad de jugador y persona que es. No est\u00e1 al 100 por ciento de su rodilla y vamos a esperar. Si Lobos se recupera, tiene contrato con el club y tiene las puertas abiertas&#8221;, explic\u00f3 el t\u00e9cnico paraguayo.<\/p>\n","protected":false},"excerpt":{"rendered":"<p>El futbolista fue operado de su rodilla, por desgaste de los meniscos<\/p>\n","protected":false},"author":20,"featured_media":289638,"comment_status":"open","ping_status":"open","sticky":false,"template":"","format":"standard","meta":[],"categories":[2198,3845],"tags":[315,5975],"_links":{"self":[{"href":"http:\/\/desarrollo.grupomedios.com\/futbol\/wp-json\/wp\/v2\/posts\/289630"}],"collection":[{"href":"http:\/\/desarrollo.grupomedios.com\/futbol\/wp-json\/wp\/v2\/posts"}],"about":[{"href":"http:\/\/desarrollo.grupomedios.com\/futbol\/wp-json\/wp\/v2\/types\/post"}],"author":[{"embeddable":true,"href":"http:\/\/desarrollo.grupomedios.com\/futbol\/wp-json\/wp\/v2\/users\/20"}],"replies":[{"embeddable":true,"href":"http:\/\/desarrollo.grupomedios.com\/futbol\/wp-json\/wp\/v2\/comments?post=289630"}],"version-history":[{"count":0,"href":"http:\/\/desarrollo.grupomedios.com\/futbol\/wp-json\/wp\/v2\/posts\/289630\/revisions"}],"wp:featuredmedia":[{"embeddable":true,"href":"http:\/\/desarrollo.grupomedios.com\/futbol\/wp-json\/wp\/v2\/media\/289638"}],"wp:attachment":[{"href":"http:\/\/desarrollo.grupomedios.com\/futbol\/wp-json\/wp\/v2\/media?parent=289630"}],"wp:term":[{"taxonomy":"category","embeddable":true,"href":"http:\/\/desarrollo.grupomedios.com\/futbol\/wp-json\/wp\/v2\/categories?post=289630"},{"taxonomy":"post_tag","embeddable":true,"href":"http:\/\/desarrollo.grupomedios.com\/futbol\/wp-json\/wp\/v2\/tags?post=289630"}],"curies":[{"name":"wp","href":"https:\/\/api.w.org\/{rel}","templated":true}]}}