{"id":289632,"date":"2015-06-29T17:29:26","date_gmt":"2015-06-29T22:29:26","guid":{"rendered":"http:\/\/futboltotal.com.mx\/?p=289632"},"modified":"2015-06-29T17:29:26","modified_gmt":"2015-06-29T22:29:26","slug":"los-cracks-que-le-hicieron-el-feo-a-la-liga-mx","status":"publish","type":"post","link":"http:\/\/desarrollo.grupomedios.com\/futbol\/destacado-home\/los-cracks-que-le-hicieron-el-feo-a-la-liga-mx\/2015\/06","title":{"rendered":"Los cracks que le hicieron el feo a la Liga MX"},"content":{"rendered":"<p>En a\u00f1os anteriores decir que jugadores como Ronaldinho, Roque Santa Cruz o Andr\u00e9-Pierre Gignac; jugar\u00edan en la <a href=\"http:\/\/futboltotal.com.mx\/futbol-mexicano\/seleccion-mexicana\/\" target=\"_blank\"><strong>Liga MX<\/strong><\/a> era una idea que rayaba en lo ut\u00f3pico. Empero, en los \u00faltimos a\u00f1os algunos equipos hicieron realidad fichajes de esta envergadura, sin embargo, hay otros casos en los que los <em>cracks<\/em> de renombre en Europa desestimaron la idea de venir a jugar a M\u00e9xico.<\/p>\n<p><strong>Walter Gargano<\/strong> | Con m\u00e1s de siete a\u00f1os de experiencia en la Serie A, el mediocampista uruguayo fue el deseo de Antonio Mohamed y todo Monterrey; aunque se rumoraba que estaban cerca de llegar a un acuerdo, el charr\u00faa <a href=\"http:\/\/futboltotal.com.mx\/2015\/06\/a-rayados-le-robarian-a-walter-gargano\/\" target=\"_blank\">estar\u00eda a una firma del Doha de Qatar<\/a>.<\/p>\n<p><strong>Sergio Garc\u00eda<\/strong> | Uno de los mayores anhelos del Cruz Azul, el veterano delantero decidi\u00f3 optar por la oferta m\u00e1s redituable en cuestiones econ\u00f3micas, pues dej\u00f3 al Espanyol de Barcelona para<a href=\"http:\/\/futboltotal.com.mx\/2015\/06\/sergio-garcia-ficha-con-el-al-rayyan-de-qatar\/\" target=\"_blank\"> irse al Al-Rayyan de Qatar<\/a>.<\/p>\n<p><a href=\"http:\/\/futboltotal.com.mx\/wp-content\/uploads\/2015\/06\/sergio-garcia_15ywku1xs68401ir2616nk3oi9.jpg\"><img decoding=\"async\" loading=\"lazy\" class=\"alignnone wp-image-286598\" src=\"http:\/\/futboltotal.com.mx\/wp-content\/uploads\/2015\/06\/sergio-garcia_15ywku1xs68401ir2616nk3oi9.jpg\" alt=\"Sergio Garc\u00eda\" srcset=\"http:\/\/desarrollo.grupomedios.com\/futbol\/wp-content\/uploads\/2015\/06\/sergio-garcia_15ywku1xs68401ir2616nk3oi9.jpg 820w, http:\/\/desarrollo.grupomedios.com\/futbol\/wp-content\/uploads\/2015\/06\/sergio-garcia_15ywku1xs68401ir2616nk3oi9-300x201.jpg 300w\" sizes=\"(max-width: 500px) 100vw, 500px\" \/><\/a><\/p>\n<p><strong>Jorge Valdivia<\/strong> | Nuevamente la <em>M\u00e1quina<\/em>, se qued\u00f3 con las ganas, por si fuera poco fue a manos de los mismos qatar\u00edes, pues <a href=\"http:\/\/futboltotal.com.mx\/2015\/06\/aguirre-le-roba-al-cruz-azul-a-jorge-valdivia\/\" target=\"_blank\">el chileno formar\u00e1 parte del Al Wahda<\/a> que dirige Javier Aguirre.<\/p>\n<p><strong>Jos\u00e9 Antonio Reyes<\/strong> | De cara al Apertura 2015, Cruz Azul se durmi\u00f3 en sus laureles, porque se le ceb\u00f3 la contrataci\u00f3n de la <em>Perla<\/em>, pues el atacante renov\u00f3 su contrato con Sevilla.<\/p>\n<p><a href=\"http:\/\/futboltotal.com.mx\/wp-content\/uploads\/2015\/06\/jose-antonio-perla-reyes-cruz-azul.jpg\"><img decoding=\"async\" loading=\"lazy\" class=\"alignnone wp-image-286028\" src=\"http:\/\/futboltotal.com.mx\/wp-content\/uploads\/2015\/06\/jose-antonio-perla-reyes-cruz-azul.jpg\" alt=\"jose-antonio-perla-reyes-cruz-azul\" srcset=\"http:\/\/desarrollo.grupomedios.com\/futbol\/wp-content\/uploads\/2015\/06\/jose-antonio-perla-reyes-cruz-azul.jpg 850w, http:\/\/desarrollo.grupomedios.com\/futbol\/wp-content\/uploads\/2015\/06\/jose-antonio-perla-reyes-cruz-azul-300x194.jpg 300w\" sizes=\"(max-width: 500px) 100vw, 500px\" \/><\/a><\/p>\n<p><strong>Samuel Eto&#8217;o<\/strong> | Aunque se rumor\u00f3 que Quer\u00e9taro y Monterrey mantuvieron conversaciones con el representante del camerun\u00e9s, al final el artillero se decidi\u00f3 por Antalyaspor de Turqu\u00eda.<\/p>\n<p><em>Los que est\u00e1n en espera<\/em><\/p>\n<p><strong>Cristian <em>Cebolla<\/em> Rodr\u00edguez<\/strong> | El campe\u00f3n de la Liga MX, Santos Laguna quiere hacerse con el mediocampista que suma cinco equipos europeos (PSG, Benfica, Porto, Atl\u00e9tico de Madrid y Parma); y <a href=\"http:\/\/futboltotal.com.mx\/2015\/06\/cristian-rodriguez-opcion-para-santos-laguna\/\" target=\"_blank\">estar\u00eda solo a detalles de hacerse oficial<\/a>.<\/p>\n<p><strong>Robinho<\/strong> | Desde 2014, el brasile\u00f1o est\u00e1 en la mira de los equipos mexicanos, pero ser\u00edan los <em>Gallos Blancos<\/em>, quienes pongan la oferta definitiva. Empero, el club chino <a href=\"http:\/\/futboltotal.com.mx\/2015\/06\/lanzan-millonaria-oferta-por-robinho\/\" target=\"_blank\">Guangzhou Evergrande tambi\u00e9n est\u00e1 en la pugna<\/a> por el <em>carioca<\/em>.<\/p>\n<p><a href=\"http:\/\/futboltotal.com.mx\/wp-content\/uploads\/2015\/06\/000_APM569471.jpg\"><img decoding=\"async\" loading=\"lazy\" class=\"alignnone wp-image-288149\" src=\"http:\/\/futboltotal.com.mx\/wp-content\/uploads\/2015\/06\/000_APM569471.jpg\" alt=\"Robinho\" srcset=\"http:\/\/desarrollo.grupomedios.com\/futbol\/wp-content\/uploads\/2015\/06\/000_APM569471.jpg 820w, http:\/\/desarrollo.grupomedios.com\/futbol\/wp-content\/uploads\/2015\/06\/000_APM569471-300x201.jpg 300w\" sizes=\"(max-width: 500px) 100vw, 500px\" \/><\/a><\/p>\n","protected":false},"excerpt":{"rendered":"<p>Estos futbolistas prefirieron jugar en otros pa\u00edses <\/p>\n","protected":false},"author":20,"featured_media":289633,"comment_status":"open","ping_status":"open","sticky":false,"template":"","format":"standard","meta":[],"categories":[5,2198,3845],"tags":[64,521,5641],"_links":{"self":[{"href":"http:\/\/desarrollo.grupomedios.com\/futbol\/wp-json\/wp\/v2\/posts\/289632"}],"collection":[{"href":"http:\/\/desarrollo.grupomedios.com\/futbol\/wp-json\/wp\/v2\/posts"}],"about":[{"href":"http:\/\/desarrollo.grupomedios.com\/futbol\/wp-json\/wp\/v2\/types\/post"}],"author":[{"embeddable":true,"href":"http:\/\/desarrollo.grupomedios.com\/futbol\/wp-json\/wp\/v2\/users\/20"}],"replies":[{"embeddable":true,"href":"http:\/\/desarrollo.grupomedios.com\/futbol\/wp-json\/wp\/v2\/comments?post=289632"}],"version-history":[{"count":0,"href":"http:\/\/desarrollo.grupomedios.com\/futbol\/wp-json\/wp\/v2\/posts\/289632\/revisions"}],"wp:featuredmedia":[{"embeddable":true,"href":"http:\/\/desarrollo.grupomedios.com\/futbol\/wp-json\/wp\/v2\/media\/289633"}],"wp:attachment":[{"href":"http:\/\/desarrollo.grupomedios.com\/futbol\/wp-json\/wp\/v2\/media?parent=289632"}],"wp:term":[{"taxonomy":"category","embeddable":true,"href":"http:\/\/desarrollo.grupomedios.com\/futbol\/wp-json\/wp\/v2\/categories?post=289632"},{"taxonomy":"post_tag","embeddable":true,"href":"http:\/\/desarrollo.grupomedios.com\/futbol\/wp-json\/wp\/v2\/tags?post=289632"}],"curies":[{"name":"wp","href":"https:\/\/api.w.org\/{rel}","templated":true}]}}