{"id":289642,"date":"2015-06-29T17:59:47","date_gmt":"2015-06-29T22:59:47","guid":{"rendered":"http:\/\/futboltotal.com.mx\/?p=289642"},"modified":"2015-06-29T18:01:17","modified_gmt":"2015-06-29T23:01:17","slug":"que-pasara-con-alemao","status":"publish","type":"post","link":"http:\/\/desarrollo.grupomedios.com\/futbol\/futbol-mexicano\/que-pasara-con-alemao\/2015\/06","title":{"rendered":"\u00bfQu\u00e9 pasar\u00e1 con Alemao?"},"content":{"rendered":"<p>Cuando lleg\u00f3 al <a href=\"http:\/\/futboltotal.com.mx\/equipos\/cruz-azul\/\" target=\"_blank\"><strong>Cruz Azul<\/strong><\/a>, tanto la directiva, as\u00ed como el entonces entrenador del equipo Luis Fernando Tena; aceptaron desconocer al delantero <strong>Jos\u00e9 Carlos Toffolo<\/strong>, mejor conocido como <strong>Alemao<\/strong>. La incertidumbre dentro del plantel y en la misma afici\u00f3n cambi\u00f3 en las primeras jornadas del Clausura 2015, pues vieron que el ofensivo le daba un toque especial al grupo en la cancha.<\/p>\n<p>Pese a que se gan\u00f3 la aprobaci\u00f3n de los seguidores <em>cementeros<\/em>, en la Noria pusieron al ariete como transferibles, por si fuera poco no pudo encontrar acomodo en la Liga MX, por lo cual busca una oportunidad en el extranjero, pues la <em>M\u00e1quina<\/em> le cerr\u00f3 completamente las puertas.<\/p>\n<p>\u201cEstoy triste y bajoneado, pero as\u00ed es el futbol. Estoy en mi casa, entrenando por aparte, porque as\u00ed debe de ser. Estoy esperando a que pase algo, que encuentren un club en donde pueda jugar. Hasta hoy no tengo nada. Mi representante trabaja para eso y <strong>Cruz Azul<\/strong> me dijo que no quieren que regrese m\u00e1s, aunque me est\u00e1n dando todo el apoyo necesario.\u201d, explic\u00f3 <strong>Alemao<\/strong>.<\/p>\n<p>De momento no tiene ofertas oficiales, pero la opci\u00f3n m\u00e1s viable ser\u00eda regresar a la liga brasile\u00f1a, y en unos meses volver a M\u00e9xico, pa\u00eds donde se sinti\u00f3 como en su hogar.<\/p>\n<p>\u201cSi hay algo aqu\u00ed en Brasil me quedo ac\u00e1 permanezco sin problema, pero me gustar\u00eda mantenerme en M\u00e9xico\u00a0porque me siento como en casa y me trataron muy bien y con mucho cari\u00f1o.\u00a0Yo tengo una fecha en donde si no encuentro un club tengo que regresar a M\u00e9xico con <strong>Cruz Azul<\/strong>, porque tengo contrato y tengo que irme a presentar y estoy esperando a ver lo que pasa con la directiva y con mis representantes\u201d, a\u00f1adi\u00f3 <strong>Alemao<\/strong> a <em>ESPN<\/em>.<\/p>\n","protected":false},"excerpt":{"rendered":"<p>En Cruz Azul ya le cerraron las puertas al brasile\u00f1o <\/p>\n","protected":false},"author":20,"featured_media":289643,"comment_status":"open","ping_status":"open","sticky":false,"template":"","format":"standard","meta":[],"categories":[2198,3845],"tags":[5433,5962],"_links":{"self":[{"href":"http:\/\/desarrollo.grupomedios.com\/futbol\/wp-json\/wp\/v2\/posts\/289642"}],"collection":[{"href":"http:\/\/desarrollo.grupomedios.com\/futbol\/wp-json\/wp\/v2\/posts"}],"about":[{"href":"http:\/\/desarrollo.grupomedios.com\/futbol\/wp-json\/wp\/v2\/types\/post"}],"author":[{"embeddable":true,"href":"http:\/\/desarrollo.grupomedios.com\/futbol\/wp-json\/wp\/v2\/users\/20"}],"replies":[{"embeddable":true,"href":"http:\/\/desarrollo.grupomedios.com\/futbol\/wp-json\/wp\/v2\/comments?post=289642"}],"version-history":[{"count":0,"href":"http:\/\/desarrollo.grupomedios.com\/futbol\/wp-json\/wp\/v2\/posts\/289642\/revisions"}],"wp:featuredmedia":[{"embeddable":true,"href":"http:\/\/desarrollo.grupomedios.com\/futbol\/wp-json\/wp\/v2\/media\/289643"}],"wp:attachment":[{"href":"http:\/\/desarrollo.grupomedios.com\/futbol\/wp-json\/wp\/v2\/media?parent=289642"}],"wp:term":[{"taxonomy":"category","embeddable":true,"href":"http:\/\/desarrollo.grupomedios.com\/futbol\/wp-json\/wp\/v2\/categories?post=289642"},{"taxonomy":"post_tag","embeddable":true,"href":"http:\/\/desarrollo.grupomedios.com\/futbol\/wp-json\/wp\/v2\/tags?post=289642"}],"curies":[{"name":"wp","href":"https:\/\/api.w.org\/{rel}","templated":true}]}}