{"id":289663,"date":"2015-06-30T08:00:11","date_gmt":"2015-06-30T13:00:11","guid":{"rendered":"http:\/\/futboltotal.com.mx\/?p=289663"},"modified":"2015-06-29T19:27:45","modified_gmt":"2015-06-30T00:27:45","slug":"argentina-vs-paraguay-en-busca-de-la-final","status":"publish","type":"post","link":"http:\/\/desarrollo.grupomedios.com\/futbol\/destacado-home\/argentina-vs-paraguay-en-busca-de-la-final\/2015\/06","title":{"rendered":"Argentina vs. Paraguay | En busca de la Final"},"content":{"rendered":"<p>En busca de alcanzar el pase a la Final de la <strong>Copa Am\u00e9rica 2015<\/strong>, <strong>Argentina<\/strong> se medir\u00e1 este martes contra <strong>Paraguay<\/strong>. Y en ese sentido, destaca que la <em>Albiceleste<\/em> nunca ha perdido ante la <em>Albiroja<\/em> en el certamen continental: de los 23 partidos entre ambas selecciones, 18 fueron victorias para los argentinos y cinco empates.<\/p>\n<p>La historia entre ambos combinados en <strong>Copa Am\u00e9rica<\/strong> inici\u00f3 en 1921, con una holgada victoria (3-0) de <strong>Argentina<\/strong>, que domina ampliamente las estad\u00edsticas ante <strong>Paraguay<\/strong>.<\/p>\n<p>No obstante, en los \u00faltimos a\u00f1os, la rivalidad en cuanto a n\u00fameros parece cerrarse. Y es que los paraguayos lograron tres empates en los cinco enfrentamientos ante los argentinos, el \u00faltimo de ellos reci\u00e9n su dio el pasado 13 de junio, en la fase de grupos de la presenta <strong>Copa Am\u00e9rica <\/strong>cuando igualaron a dos goles.<\/p>\n<p>Cabe apuntar que <strong>Paraguay<\/strong> es el actual subcampe\u00f3n del certamen, as\u00ed que desea regresar a la Final y ahora si coronarse, pero enfrente estar\u00e1 <strong>Lionel Messi<\/strong> y compa\u00f1\u00eda, quienes todav\u00eda no han despertado y a pesar del sufrimiento han llegado a la antesala por el campeonato.<\/p>\n<p><span style=\"color: #ff0000;\"><strong>TECNICOS ARGENTINOS<\/strong><\/span> | El <em>Pelado<\/em> D\u00edaz est\u00e1 del lado paraguayo y conoce muy a fondo a la mayor\u00eda de los jugadores argentinos, aunque \u00e9l mismo lo ha dicho, las individualidades son dif\u00edciles de detener. Mientras que el <em>Tata<\/em> Martino, quien dirige a la <em>Albiceleste<\/em>, tiene un grato pasado en <strong>Paraguay<\/strong>, se lecci\u00f3n a la que llev\u00f3 a la Copa del Mundo Sud\u00e1frica 2010.<\/p>\n<p><span style=\"color: #ff0000;\"><strong>HORA<\/strong><\/span> | La semifinal de la <strong>Copa Am\u00e9rica<\/strong>\u00a0entre argentinos y paraguayos\u00a0se disputar\u00e1 este martes en la cancha del estadio Municipal Alcaldesa Ester Roa, de la localidad de Concepci\u00f3n, en punto de las 18:30 horas (TCM).<\/p>\n","protected":false},"excerpt":{"rendered":"<p>La Albiceleste nunca ha perdido ante la Albiroja en Copa Am\u00e9rica<\/p>\n","protected":false},"author":20,"featured_media":289664,"comment_status":"open","ping_status":"open","sticky":false,"template":"","format":"standard","meta":[],"categories":[5516,5,3839],"tags":[5996,2130,664],"_links":{"self":[{"href":"http:\/\/desarrollo.grupomedios.com\/futbol\/wp-json\/wp\/v2\/posts\/289663"}],"collection":[{"href":"http:\/\/desarrollo.grupomedios.com\/futbol\/wp-json\/wp\/v2\/posts"}],"about":[{"href":"http:\/\/desarrollo.grupomedios.com\/futbol\/wp-json\/wp\/v2\/types\/post"}],"author":[{"embeddable":true,"href":"http:\/\/desarrollo.grupomedios.com\/futbol\/wp-json\/wp\/v2\/users\/20"}],"replies":[{"embeddable":true,"href":"http:\/\/desarrollo.grupomedios.com\/futbol\/wp-json\/wp\/v2\/comments?post=289663"}],"version-history":[{"count":0,"href":"http:\/\/desarrollo.grupomedios.com\/futbol\/wp-json\/wp\/v2\/posts\/289663\/revisions"}],"wp:featuredmedia":[{"embeddable":true,"href":"http:\/\/desarrollo.grupomedios.com\/futbol\/wp-json\/wp\/v2\/media\/289664"}],"wp:attachment":[{"href":"http:\/\/desarrollo.grupomedios.com\/futbol\/wp-json\/wp\/v2\/media?parent=289663"}],"wp:term":[{"taxonomy":"category","embeddable":true,"href":"http:\/\/desarrollo.grupomedios.com\/futbol\/wp-json\/wp\/v2\/categories?post=289663"},{"taxonomy":"post_tag","embeddable":true,"href":"http:\/\/desarrollo.grupomedios.com\/futbol\/wp-json\/wp\/v2\/tags?post=289663"}],"curies":[{"name":"wp","href":"https:\/\/api.w.org\/{rel}","templated":true}]}}