{"id":289777,"date":"2015-06-30T11:48:48","date_gmt":"2015-06-30T16:48:48","guid":{"rendered":"http:\/\/futboltotal.com.mx\/?p=289777"},"modified":"2015-06-30T11:48:48","modified_gmt":"2015-06-30T16:48:48","slug":"la-nuevas-botas-de-carlos-vela","status":"publish","type":"post","link":"http:\/\/desarrollo.grupomedios.com\/futbol\/futbol-internacional\/la-nuevas-botas-de-carlos-vela\/2015\/06","title":{"rendered":"La nuevas botas de Carlos Vela"},"content":{"rendered":"<p>El delantero mexicano <strong>Carlos Vela<\/strong> lucir\u00e1 nuevas botas durante la <strong>Copa Oro 2015<\/strong>, que arranca el pr\u00f3ximo 7 de julio.<\/p>\n<p>A trav\u00e9s de su cuenta de <em>Twitter, <\/em>Vela colg\u00f3 una foto en la que aparece con la camiseta del <em>Tricolor<\/em> y presume en mano los X15, \u00faltima creaci\u00f3n de la firma alemana adidas.<\/p>\n<blockquote class=\"twitter-tweet\" lang=\"es\">\n<p dir=\"ltr\" lang=\"es\">Nac\u00ed para destruir el orden. \u00a1Voy a generar caos en la Copa! <a href=\"https:\/\/twitter.com\/hashtag\/X15?src=hash\">#X15<\/a> <a href=\"https:\/\/twitter.com\/hashtag\/BeTheDifference?src=hash\">#BeTheDifference<\/a> <a href=\"https:\/\/twitter.com\/adidasMX\">@adidasMX<\/a> <a href=\"https:\/\/twitter.com\/miseleccionmx\">@miseleccionmx<\/a> <a href=\"http:\/\/t.co\/fFEGkIyIyX\">pic.twitter.com\/fFEGkIyIyX<\/a><\/p>\n<p>\u2014 carlos vela (@11carlosV) <a href=\"https:\/\/twitter.com\/11carlosV\/status\/615895408070373376\">junio 30, 2015<\/a><\/p><\/blockquote>\n<p><script src=\"\/\/platform.twitter.com\/widgets.js\" async=\"\" charset=\"utf-8\"><\/script><\/p>\n<p><strong>Carlos Vela<\/strong> portar\u00e1 los tacos durante la justa en la que comparte el Grupo C con Guatemala, Trinidad y Tobago y Cuba. La principal caracter\u00edstica es que los tachones poseen una configuraci\u00f3n de tacos X CLAW, que permite realizar movimientos impredecibles y brindar una aceleraci\u00f3n insuperable, as\u00ed como la revolucionaria tecnolog\u00eda X CAGE que proporciona estabilidad necesaria para ejecutar cualqueir cantidad de regates y dejar sembrados a los defensas.<\/p>\n<p>\u00bfCu\u00e1ntos golazos podr\u00e1 rubircar el Bombardero en la justa de Concacaf?<\/p>\n","protected":false},"excerpt":{"rendered":"<p>El Bombardero anuncia que provocar\u00e1 el caos en Copa Oro con los Adidas X15<\/p>\n","protected":false},"author":20,"featured_media":289783,"comment_status":"open","ping_status":"open","sticky":false,"template":"","format":"standard","meta":[],"categories":[3839,3844,3847],"tags":[1560,6048],"_links":{"self":[{"href":"http:\/\/desarrollo.grupomedios.com\/futbol\/wp-json\/wp\/v2\/posts\/289777"}],"collection":[{"href":"http:\/\/desarrollo.grupomedios.com\/futbol\/wp-json\/wp\/v2\/posts"}],"about":[{"href":"http:\/\/desarrollo.grupomedios.com\/futbol\/wp-json\/wp\/v2\/types\/post"}],"author":[{"embeddable":true,"href":"http:\/\/desarrollo.grupomedios.com\/futbol\/wp-json\/wp\/v2\/users\/20"}],"replies":[{"embeddable":true,"href":"http:\/\/desarrollo.grupomedios.com\/futbol\/wp-json\/wp\/v2\/comments?post=289777"}],"version-history":[{"count":0,"href":"http:\/\/desarrollo.grupomedios.com\/futbol\/wp-json\/wp\/v2\/posts\/289777\/revisions"}],"wp:featuredmedia":[{"embeddable":true,"href":"http:\/\/desarrollo.grupomedios.com\/futbol\/wp-json\/wp\/v2\/media\/289783"}],"wp:attachment":[{"href":"http:\/\/desarrollo.grupomedios.com\/futbol\/wp-json\/wp\/v2\/media?parent=289777"}],"wp:term":[{"taxonomy":"category","embeddable":true,"href":"http:\/\/desarrollo.grupomedios.com\/futbol\/wp-json\/wp\/v2\/categories?post=289777"},{"taxonomy":"post_tag","embeddable":true,"href":"http:\/\/desarrollo.grupomedios.com\/futbol\/wp-json\/wp\/v2\/tags?post=289777"}],"curies":[{"name":"wp","href":"https:\/\/api.w.org\/{rel}","templated":true}]}}