{"id":289827,"date":"2015-06-30T13:20:16","date_gmt":"2015-06-30T18:20:16","guid":{"rendered":"http:\/\/futboltotal.com.mx\/?p=289827"},"modified":"2015-06-30T13:23:18","modified_gmt":"2015-06-30T18:23:18","slug":"madre-de-sergio-ramos-revela-el-futuro-de-su-hijo","status":"publish","type":"post","link":"http:\/\/desarrollo.grupomedios.com\/futbol\/videos\/madre-de-sergio-ramos-revela-el-futuro-de-su-hijo\/2015\/06","title":{"rendered":"Madre de Sergio Ramos revela el futuro de su hijo"},"content":{"rendered":"<p>El futuro de Sergio Ramos parece que se aleja del Real Madrid y los \u00faltimos reportes de la prensa indican que su destino estar\u00eda en la ciudad de Manchester. Primero por el inter\u00e9s del United y en los d\u00edas m\u00e1s recientes por los acercamientos del City. <\/p>\n<p>Pese a los dimes y diretes por su situaci\u00f3n de dudas sobre su permanencia como <em>merengue<\/em>, pues no se siente valorado por la instituci\u00f3n, la persona que quiz\u00e1s m\u00e1s conozca al campe\u00f3n del mundo, su madre, sali\u00f3 a mencionar cu\u00e1l es el futuro de su hijo, revelando que Sergio Ramos &#8220;quiere seguir en el Real Madrid&#8221;.<\/p>\n<p><iframe loading=\"lazy\" src=\"https:\/\/www.youtube.com\/embed\/YTnLejFBC3M\" frameborder=\"0\" allowfullscreen><\/iframe><\/p>\n","protected":false},"excerpt":{"rendered":"<p>Paqui Garc\u00eda sentenci\u00f3 que pretende seguir con la instituci\u00f3n blanca <\/p>\n","protected":false},"author":20,"featured_media":289828,"comment_status":"open","ping_status":"open","sticky":false,"template":"","format":"standard","meta":[],"categories":[4],"tags":[5993,43,5988,6020],"_links":{"self":[{"href":"http:\/\/desarrollo.grupomedios.com\/futbol\/wp-json\/wp\/v2\/posts\/289827"}],"collection":[{"href":"http:\/\/desarrollo.grupomedios.com\/futbol\/wp-json\/wp\/v2\/posts"}],"about":[{"href":"http:\/\/desarrollo.grupomedios.com\/futbol\/wp-json\/wp\/v2\/types\/post"}],"author":[{"embeddable":true,"href":"http:\/\/desarrollo.grupomedios.com\/futbol\/wp-json\/wp\/v2\/users\/20"}],"replies":[{"embeddable":true,"href":"http:\/\/desarrollo.grupomedios.com\/futbol\/wp-json\/wp\/v2\/comments?post=289827"}],"version-history":[{"count":0,"href":"http:\/\/desarrollo.grupomedios.com\/futbol\/wp-json\/wp\/v2\/posts\/289827\/revisions"}],"wp:featuredmedia":[{"embeddable":true,"href":"http:\/\/desarrollo.grupomedios.com\/futbol\/wp-json\/wp\/v2\/media\/289828"}],"wp:attachment":[{"href":"http:\/\/desarrollo.grupomedios.com\/futbol\/wp-json\/wp\/v2\/media?parent=289827"}],"wp:term":[{"taxonomy":"category","embeddable":true,"href":"http:\/\/desarrollo.grupomedios.com\/futbol\/wp-json\/wp\/v2\/categories?post=289827"},{"taxonomy":"post_tag","embeddable":true,"href":"http:\/\/desarrollo.grupomedios.com\/futbol\/wp-json\/wp\/v2\/tags?post=289827"}],"curies":[{"name":"wp","href":"https:\/\/api.w.org\/{rel}","templated":true}]}}