{"id":289855,"date":"2015-06-30T16:00:53","date_gmt":"2015-06-30T21:00:53","guid":{"rendered":"http:\/\/futboltotal.com.mx\/?p=289855"},"modified":"2015-06-30T16:07:16","modified_gmt":"2015-06-30T21:07:16","slug":"hulk-destroza-el-balon-con-su-potencia","status":"publish","type":"post","link":"http:\/\/desarrollo.grupomedios.com\/futbol\/videos\/hulk-destroza-el-balon-con-su-potencia\/2015\/06","title":{"rendered":"Hulk destroza el bal\u00f3n con su potencia"},"content":{"rendered":"<p>El <strong>Zenit<\/strong> sigue posicionando su canal de <em>Youtube<\/em> y nada mejor que seguir viralizando con la segunda parte del tiro del tigre de<strong> Hulk<\/strong>, que en est\u00e1 ocasi\u00f3n <a href=\"http:\/\/futboltotal.com.mx\/2015\/06\/la-potencia-de-hulk-hace-volar-al-portero\/\">no desquit\u00f3 su furia con el guardameta<\/a>, sino que ahora con su <em>tiro del Tigre<\/em> destroz\u00f3 la esf\u00e9rica. <\/p>\n<p>El exseleccionado brasile\u00f1o se destaca por su fortaleza f\u00edsica y sobre todo con su potencia con la pierna izquierda, la cual, cuando es dirigida de manera acertada, pone a temblar a gran cantidad de arqueros en el mundo. <\/p>\n<p><iframe loading=\"lazy\" src=\"https:\/\/www.youtube.com\/embed\/qzNMkVKuGws\" frameborder=\"0\" allowfullscreen><\/iframe><\/p>\n<p><strong>Hulk<\/strong> se prepara para el inicio de su cuarta temporada en la Liga Premier de Rusia. Durante su periplo, el sudamericano ha convertido 36 goles en el certamen local, mientras que a nivel continental ha concretado 14 dianas. <\/p>\n","protected":false},"excerpt":{"rendered":"<p>El brasile\u00f1o repiti\u00f3 su tiro del tigre durante la pr\u00e1ctica del Zenit <\/p>\n","protected":false},"author":20,"featured_media":289856,"comment_status":"open","ping_status":"open","sticky":false,"template":"","format":"standard","meta":[],"categories":[5419,4],"tags":[817,5667,6064],"_links":{"self":[{"href":"http:\/\/desarrollo.grupomedios.com\/futbol\/wp-json\/wp\/v2\/posts\/289855"}],"collection":[{"href":"http:\/\/desarrollo.grupomedios.com\/futbol\/wp-json\/wp\/v2\/posts"}],"about":[{"href":"http:\/\/desarrollo.grupomedios.com\/futbol\/wp-json\/wp\/v2\/types\/post"}],"author":[{"embeddable":true,"href":"http:\/\/desarrollo.grupomedios.com\/futbol\/wp-json\/wp\/v2\/users\/20"}],"replies":[{"embeddable":true,"href":"http:\/\/desarrollo.grupomedios.com\/futbol\/wp-json\/wp\/v2\/comments?post=289855"}],"version-history":[{"count":0,"href":"http:\/\/desarrollo.grupomedios.com\/futbol\/wp-json\/wp\/v2\/posts\/289855\/revisions"}],"wp:featuredmedia":[{"embeddable":true,"href":"http:\/\/desarrollo.grupomedios.com\/futbol\/wp-json\/wp\/v2\/media\/289856"}],"wp:attachment":[{"href":"http:\/\/desarrollo.grupomedios.com\/futbol\/wp-json\/wp\/v2\/media?parent=289855"}],"wp:term":[{"taxonomy":"category","embeddable":true,"href":"http:\/\/desarrollo.grupomedios.com\/futbol\/wp-json\/wp\/v2\/categories?post=289855"},{"taxonomy":"post_tag","embeddable":true,"href":"http:\/\/desarrollo.grupomedios.com\/futbol\/wp-json\/wp\/v2\/tags?post=289855"}],"curies":[{"name":"wp","href":"https:\/\/api.w.org\/{rel}","templated":true}]}}