{"id":289874,"date":"2015-06-30T16:55:30","date_gmt":"2015-06-30T21:55:30","guid":{"rendered":"http:\/\/futboltotal.com.mx\/?p=289874"},"modified":"2015-06-30T17:05:06","modified_gmt":"2015-06-30T22:05:06","slug":"revelan-la-nueva-camiseta-del-borussia-dortmund","status":"publish","type":"post","link":"http:\/\/desarrollo.grupomedios.com\/futbol\/videos\/revelan-la-nueva-camiseta-del-borussia-dortmund\/2015\/06","title":{"rendered":"Revelan la nueva camiseta del Borussia Dortmund"},"content":{"rendered":"<p>La versi\u00f3n del <strong>Borussia Dortmund<\/strong> 2015-2016 parece que vendr\u00e1 recargada. Caras desconocidas, nuevo t\u00e9cnico y la camiseta de local revelada, es as\u00ed, el <em>BVB<\/em> dio a conocer este martes la que ser\u00e1 su nueva indumentaria por medio del canal de <em>Youtube<\/em> de su principal sponsor, Puma. <\/p>\n<p>En un comercial que est\u00e1 muy apegado a la afici\u00f3n, algo nada sorprendente cuando se habla de los Borussers, se muestra como l\u00edder del s\u00e9quito a <strong>Marco Reus<\/strong>. El crack anota un gol y se pone a celebrar con todo el p\u00fablico que se da cita en el Signal Iduna Park.<\/p>\n<p><a href=\"http:\/\/futboltotal.com.mx\/wp-content\/uploads\/2015\/06\/BVB-3.png\"><img decoding=\"async\" loading=\"lazy\" src=\"http:\/\/futboltotal.com.mx\/wp-content\/uploads\/2015\/06\/BVB-3.png\" alt=\"BVB-3\" class=\"alignnone size-full wp-image-289876\" srcset=\"http:\/\/desarrollo.grupomedios.com\/futbol\/wp-content\/uploads\/2015\/06\/BVB-3.png 599w, http:\/\/desarrollo.grupomedios.com\/futbol\/wp-content\/uploads\/2015\/06\/BVB-3-300x189.png 300w\" sizes=\"(max-width: 599px) 100vw, 599px\" \/><\/a><\/p>\n<p>Entre los cambios m\u00e1s significativos del uniforme se encuentran el regreso al cuello tipo Polo y el retorno de peque\u00f1as l\u00edneas en el pecho de la camiseta en negro. <\/p>\n<blockquote class=\"twitter-tweet\" lang=\"es\">\n<p lang=\"en\" dir=\"ltr\">Stand together in black and yellow. The 2015\/16 <a href=\"https:\/\/twitter.com\/BVB\">@BVB<\/a> Home Shirt. Check it out on <a href=\"http:\/\/t.co\/mL3Dh8zubl\">http:\/\/t.co\/mL3Dh8zubl<\/a>.&#10;<a href=\"https:\/\/t.co\/2YD99igTvC\">https:\/\/t.co\/2YD99igTvC<\/a><\/p>\n<p>&mdash; PUMA Football (@pumafootball) <a href=\"https:\/\/twitter.com\/pumafootball\/status\/615930138623000577\">junio 30, 2015<\/a><\/p><\/blockquote>\n<p><script async src=\"\/\/platform.twitter.com\/widgets.js\" charset=\"utf-8\"><\/script><\/p>\n<p>La bella indumentaria del Borussia Dortmund saldr\u00e1 a la venta del p\u00fablico en general a partir de este mi\u00e9rcoles 1 de julio, mientras que el pr\u00f3ximo s\u00e1bado 4 de julio ser\u00e1n presentados los refuerzos, incluido el nuevos estratega Thomas Tuchel, adem\u00e1s del jersey de Puma completo. Ese mismo d\u00eda se efectuar\u00e1 el primer duelo del equipo de cara a la siguiente temporada, en sentido amistoso con una selecci\u00f3n de atletas ol\u00edmpicos y celebridades fan\u00e1ticas del equipo. <\/p>\n","protected":false},"excerpt":{"rendered":"<p>Marco Reus y toda su tropa anunciaron los cambios en canal de Puma<\/p>\n","protected":false},"author":20,"featured_media":289875,"comment_status":"open","ping_status":"open","sticky":false,"template":"","format":"standard","meta":[],"categories":[4],"tags":[6047,119,4838],"_links":{"self":[{"href":"http:\/\/desarrollo.grupomedios.com\/futbol\/wp-json\/wp\/v2\/posts\/289874"}],"collection":[{"href":"http:\/\/desarrollo.grupomedios.com\/futbol\/wp-json\/wp\/v2\/posts"}],"about":[{"href":"http:\/\/desarrollo.grupomedios.com\/futbol\/wp-json\/wp\/v2\/types\/post"}],"author":[{"embeddable":true,"href":"http:\/\/desarrollo.grupomedios.com\/futbol\/wp-json\/wp\/v2\/users\/20"}],"replies":[{"embeddable":true,"href":"http:\/\/desarrollo.grupomedios.com\/futbol\/wp-json\/wp\/v2\/comments?post=289874"}],"version-history":[{"count":0,"href":"http:\/\/desarrollo.grupomedios.com\/futbol\/wp-json\/wp\/v2\/posts\/289874\/revisions"}],"wp:featuredmedia":[{"embeddable":true,"href":"http:\/\/desarrollo.grupomedios.com\/futbol\/wp-json\/wp\/v2\/media\/289875"}],"wp:attachment":[{"href":"http:\/\/desarrollo.grupomedios.com\/futbol\/wp-json\/wp\/v2\/media?parent=289874"}],"wp:term":[{"taxonomy":"category","embeddable":true,"href":"http:\/\/desarrollo.grupomedios.com\/futbol\/wp-json\/wp\/v2\/categories?post=289874"},{"taxonomy":"post_tag","embeddable":true,"href":"http:\/\/desarrollo.grupomedios.com\/futbol\/wp-json\/wp\/v2\/tags?post=289874"}],"curies":[{"name":"wp","href":"https:\/\/api.w.org\/{rel}","templated":true}]}}