{"id":289882,"date":"2015-07-05T18:00:30","date_gmt":"2015-07-05T23:00:30","guid":{"rendered":"http:\/\/futboltotal.com.mx\/?p=289882"},"modified":"2015-07-22T15:19:20","modified_gmt":"2015-07-22T20:19:20","slug":"fichajes-oficiales-del-verano-en-europa","status":"publish","type":"post","link":"http:\/\/desarrollo.grupomedios.com\/futbol\/futbol-internacional\/fichajes-oficiales-del-verano-en-europa\/2015\/07","title":{"rendered":"Los fichajes oficiales del verano en Europa"},"content":{"rendered":"<p>Depsu\u00e9s de haber arrancado el mercado de fichajes en <strong>Inglaterra<\/strong> el pasado 10 de junio, este mi\u00e9rcoles 1 de julio inicia de manera oficial en <strong>Alemania, Espa\u00f1a, Grecia, Italia y Portugal<\/strong>. Ante este panorama te presentamos el recuento de los fichajes oficiales en Europa para la temporada 2015-16, concretados por\u00a0 los clubes m\u00e1s poderosos en las principales ligas del planeta y cortamos el list\u00f3n para que d\u00eda a d\u00eda sigas todos los movimientos importantes de jugadores y clubes top.<\/p>\n<div id=\"galleryhm6\" style=\"display:none;\"><img alt=\"Morgan Schneiderlin|Centrocampista |De Southampton a Manchester United | 35 mde. \" src=\"http:\/\/desarrollo.grupomedios.com\/futbol\/wp-content\/uploads\/2015\/07\/morgan-schneiderlin.jpg\" data-image=\"http:\/\/desarrollo.grupomedios.com\/futbol\/wp-content\/uploads\/2015\/07\/morgan-schneiderlin.jpg\" data-description=\"Morgan Schneiderlin\"><img alt=\"Premier League|James Milner|Liverpool\" src=\"http:\/\/desarrollo.grupomedios.com\/futbol\/wp-content\/uploads\/2015\/07\/milner.jpg\" data-image=\"http:\/\/desarrollo.grupomedios.com\/futbol\/wp-content\/uploads\/2015\/07\/milner.jpg\" data-description=\"milner\"><img alt=\"\" src=\"http:\/\/desarrollo.grupomedios.com\/futbol\/wp-content\/uploads\/2015\/07\/Fichaes-Liverpool.jpg\" data-image=\"http:\/\/desarrollo.grupomedios.com\/futbol\/wp-content\/uploads\/2015\/07\/Fichaes-Liverpool.jpg\" data-description=\"Fichaes-Liverpool\"><img alt=\"Premier League | Joe Gomez | Liverpool.\" src=\"http:\/\/desarrollo.grupomedios.com\/futbol\/wp-content\/uploads\/2015\/06\/Fichajes-Premier-2.jpg\" data-image=\"http:\/\/desarrollo.grupomedios.com\/futbol\/wp-content\/uploads\/2015\/06\/Fichajes-Premier-2.jpg\" data-description=\"Fichajes-Premier-2\"><img alt=\"Premier League | Roberto Firmino | Liverpool. \" src=\"http:\/\/desarrollo.grupomedios.com\/futbol\/wp-content\/uploads\/2015\/06\/Fichajes-Premier-9.jpg\" data-image=\"http:\/\/desarrollo.grupomedios.com\/futbol\/wp-content\/uploads\/2015\/06\/Fichajes-Premier-9.jpg\" data-description=\"Fichajes-Premier-9\"><img alt=\"Premier League | Radamel Falcao | Chelsea\" src=\"http:\/\/desarrollo.grupomedios.com\/futbol\/wp-content\/uploads\/2015\/07\/Falcao.jpg\" data-image=\"http:\/\/desarrollo.grupomedios.com\/futbol\/wp-content\/uploads\/2015\/07\/Falcao.jpg\" data-description=\"Falcao\"><img alt=\"Premier League|Schweinsteiger|Manchester United\" src=\"http:\/\/desarrollo.grupomedios.com\/futbol\/wp-content\/uploads\/2015\/07\/Bastan.jpg\" data-image=\"http:\/\/desarrollo.grupomedios.com\/futbol\/wp-content\/uploads\/2015\/07\/Bastan.jpg\" data-description=\"Bastan\"><img alt=\" Premier League | Memphis Depay | Manchester United.\" src=\"http:\/\/desarrollo.grupomedios.com\/futbol\/wp-content\/uploads\/2015\/06\/Fichajes-Premier-1.jpg\" data-image=\"http:\/\/desarrollo.grupomedios.com\/futbol\/wp-content\/uploads\/2015\/06\/Fichajes-Premier-1.jpg\" data-description=\"Fichajes-Premier-1\"><img alt=\"Petr Cech| Portero | De Arsenal a Chelsea | 14 mde.\" src=\"http:\/\/desarrollo.grupomedios.com\/futbol\/wp-content\/uploads\/2015\/06\/Fichajes-Chelsea-7.jpg\" data-image=\"http:\/\/desarrollo.grupomedios.com\/futbol\/wp-content\/uploads\/2015\/06\/Fichajes-Chelsea-7.jpg\" data-description=\"Fichajes-Chelsea-7\"><img alt=\"Premier League | Danny Ings | Liverpool.\" src=\"http:\/\/desarrollo.grupomedios.com\/futbol\/wp-content\/uploads\/2015\/06\/Fichajes-Premier-6.jpg\" data-image=\"http:\/\/desarrollo.grupomedios.com\/futbol\/wp-content\/uploads\/2015\/06\/Fichajes-Premier-6.jpg\" data-description=\"Fichajes-Premier-6\"><img alt=\"Premier League|Delph|Manchester City\" src=\"http:\/\/desarrollo.grupomedios.com\/futbol\/wp-content\/uploads\/2015\/07\/Delph.jpg\" data-image=\"http:\/\/desarrollo.grupomedios.com\/futbol\/wp-content\/uploads\/2015\/07\/Delph.jpg\" data-description=\"Delph\"><img alt=\"Premier League|Enes \u00dcnal|Manchester City\" src=\"http:\/\/desarrollo.grupomedios.com\/futbol\/wp-content\/uploads\/2015\/07\/Enes.jpg\" data-image=\"http:\/\/desarrollo.grupomedios.com\/futbol\/wp-content\/uploads\/2015\/07\/Enes.jpg\" data-description=\"Enes\"><img alt=\"Premier League | Maarten Stekelenburg | Southampton\" src=\"http:\/\/desarrollo.grupomedios.com\/futbol\/wp-content\/uploads\/2015\/06\/Fichajes-Premier-5.jpg\" data-image=\"http:\/\/desarrollo.grupomedios.com\/futbol\/wp-content\/uploads\/2015\/06\/Fichajes-Premier-5.jpg\" data-description=\"Fichajes-Premier-5\"><img alt=\"Premier League | Juanmi | Southampton\" src=\"http:\/\/desarrollo.grupomedios.com\/futbol\/wp-content\/uploads\/2015\/07\/Juanmi.jpg\" data-image=\"http:\/\/desarrollo.grupomedios.com\/futbol\/wp-content\/uploads\/2015\/07\/Juanmi.jpg\" data-description=\"Juanmi\"><img alt=\"Premier League | Shinji Okazaki | Leicester. \" src=\"http:\/\/desarrollo.grupomedios.com\/futbol\/wp-content\/uploads\/2015\/06\/fichajes-Premier-4.jpg\" data-image=\"http:\/\/desarrollo.grupomedios.com\/futbol\/wp-content\/uploads\/2015\/06\/fichajes-Premier-4.jpg\" data-description=\"fichajes-Premier-4\"><img alt=\"Premier League | James Milner | Liverpool\" src=\"http:\/\/desarrollo.grupomedios.com\/futbol\/wp-content\/uploads\/2015\/06\/Fichajes-Premier-8.jpg\" data-image=\"http:\/\/desarrollo.grupomedios.com\/futbol\/wp-content\/uploads\/2015\/06\/Fichajes-Premier-8.jpg\" data-description=\"Fichajes-Premier-8\"><img alt=\"La Liga | Santi Mina | Valencia.\" src=\"http:\/\/desarrollo.grupomedios.com\/futbol\/wp-content\/uploads\/2015\/07\/Santi-Mina-2.jpg\" data-image=\"http:\/\/desarrollo.grupomedios.com\/futbol\/wp-content\/uploads\/2015\/07\/Santi-Mina-2.jpg\" data-description=\"Santi-Mina-2\"><img alt=\"La Liga | Aleix Vidal | Barcelona.\" src=\"http:\/\/desarrollo.grupomedios.com\/futbol\/wp-content\/uploads\/2015\/06\/Fichajes-Liga-1.jpg\" data-image=\"http:\/\/desarrollo.grupomedios.com\/futbol\/wp-content\/uploads\/2015\/06\/Fichajes-Liga-1.jpg\" data-description=\"Fichajes-Liga-1\"><img alt=\"La Liga | Danilo | Real Madrid.\" src=\"http:\/\/desarrollo.grupomedios.com\/futbol\/wp-content\/uploads\/2015\/07\/Danilo.jpg\" data-image=\"http:\/\/desarrollo.grupomedios.com\/futbol\/wp-content\/uploads\/2015\/07\/Danilo.jpg\" data-description=\"Danilo\"><img alt=\"La Liga | Rafael van der Vaart | Betis. \" src=\"http:\/\/desarrollo.grupomedios.com\/futbol\/wp-content\/uploads\/2015\/06\/Fichajes-Liga-7.jpg\" data-image=\"http:\/\/desarrollo.grupomedios.com\/futbol\/wp-content\/uploads\/2015\/06\/Fichajes-Liga-7.jpg\" data-description=\"Fichajes-Liga-7\"><img alt=\"La Liga | Ga\u00ebl Kakuta | Sevilla.\" src=\"http:\/\/desarrollo.grupomedios.com\/futbol\/wp-content\/uploads\/2015\/06\/Fichaje-Liga-3.jpg\" data-image=\"http:\/\/desarrollo.grupomedios.com\/futbol\/wp-content\/uploads\/2015\/06\/Fichaje-Liga-3.jpg\" data-description=\"Fichaje-Liga-3\"><img alt=\"La Liga | Jackson Mart\u00ednez | Atl\u00e9tico de Madrid.\" src=\"http:\/\/desarrollo.grupomedios.com\/futbol\/wp-content\/uploads\/2015\/06\/Fichaje-la-Liga-9-.jpg\" data-image=\"http:\/\/desarrollo.grupomedios.com\/futbol\/wp-content\/uploads\/2015\/06\/Fichaje-la-Liga-9-.jpg\" data-description=\"Fichaje-la-Liga-9+}\"><img alt=\"La Liga | Krohn Dehl | Sevilla.\" src=\"http:\/\/desarrollo.grupomedios.com\/futbol\/wp-content\/uploads\/2015\/06\/Fichajes-Liga-2.jpg\" data-image=\"http:\/\/desarrollo.grupomedios.com\/futbol\/wp-content\/uploads\/2015\/06\/Fichajes-Liga-2.jpg\" data-description=\"Fichajes-Liga-2\"><img alt=\"La Liga | Samu Garc\u00eda y Samu Castillejo | Villarreal\" src=\"http:\/\/desarrollo.grupomedios.com\/futbol\/wp-content\/uploads\/2015\/06\/Fichajes-Liga-4.jpg\" data-image=\"http:\/\/desarrollo.grupomedios.com\/futbol\/wp-content\/uploads\/2015\/06\/Fichajes-Liga-4.jpg\" data-description=\"Fichajes-Liga-4\"><img alt=\"Iago Aaspas | Delantero | Del Sevilla al Celta | 5,3 MDE\" src=\"http:\/\/desarrollo.grupomedios.com\/futbol\/wp-content\/uploads\/2015\/06\/Fichajes-Celta-5.jpg\" data-image=\"http:\/\/desarrollo.grupomedios.com\/futbol\/wp-content\/uploads\/2015\/06\/Fichajes-Celta-5.jpg\" data-description=\"Fichajes-Celta-5\"><img alt=\"La Liga | Jos\u00e9 Antonio Garc\u00eda Verza | Levante\" src=\"http:\/\/desarrollo.grupomedios.com\/futbol\/wp-content\/uploads\/2015\/06\/Fichajes-Liga-6.jpg\" data-image=\"http:\/\/desarrollo.grupomedios.com\/futbol\/wp-content\/uploads\/2015\/06\/Fichajes-Liga-6.jpg\" data-description=\"Fichajes-Liga-6\"><img alt=\"La liga|Vietto|Atl\u00e9tico de Madrid\" src=\"http:\/\/desarrollo.grupomedios.com\/futbol\/wp-content\/uploads\/2015\/07\/Vietto.jpg\" data-image=\"http:\/\/desarrollo.grupomedios.com\/futbol\/wp-content\/uploads\/2015\/07\/Vietto.jpg\" data-description=\"Vietto\"><img alt=\"La liga|Savic|Atl\u00e9tico de Madrid\" src=\"http:\/\/desarrollo.grupomedios.com\/futbol\/wp-content\/uploads\/2015\/07\/Savic.jpg\" data-image=\"http:\/\/desarrollo.grupomedios.com\/futbol\/wp-content\/uploads\/2015\/07\/Savic.jpg\" data-description=\"Savic\"><img alt=\"La liga|Joao Cancelo|Valencia\" src=\"http:\/\/desarrollo.grupomedios.com\/futbol\/wp-content\/uploads\/2015\/07\/Cancelo.jpg\" data-image=\"http:\/\/desarrollo.grupomedios.com\/futbol\/wp-content\/uploads\/2015\/07\/Cancelo.jpg\" data-description=\"Cancelo\"><img alt=\"La liga|Bakkali|Valencia\" src=\"http:\/\/desarrollo.grupomedios.com\/futbol\/wp-content\/uploads\/2015\/07\/Bakkali.jpg\" data-image=\"http:\/\/desarrollo.grupomedios.com\/futbol\/wp-content\/uploads\/2015\/07\/Bakkali.jpg\" data-description=\"Bakkali\"><img alt=\"La liga|Mariano Barbosa|Villarreal\" src=\"http:\/\/desarrollo.grupomedios.com\/futbol\/wp-content\/uploads\/2015\/07\/Barbosa1.jpg\" data-image=\"http:\/\/desarrollo.grupomedios.com\/futbol\/wp-content\/uploads\/2015\/07\/Barbosa1.jpg\" data-description=\"Barbosa\"><img alt=\"La liga|Konoplyanka|Sevilla\" src=\"http:\/\/desarrollo.grupomedios.com\/futbol\/wp-content\/uploads\/2015\/07\/konoplyanka1.jpg\" data-image=\"http:\/\/desarrollo.grupomedios.com\/futbol\/wp-content\/uploads\/2015\/07\/konoplyanka1.jpg\" data-description=\"konoplyanka1\"><img alt=\"Serie A| Jos\u00e9 Mauri | AC Mil\u00e1n\" src=\"http:\/\/desarrollo.grupomedios.com\/futbol\/wp-content\/uploads\/2015\/07\/fichajes1.jpg\" data-image=\"http:\/\/desarrollo.grupomedios.com\/futbol\/wp-content\/uploads\/2015\/07\/fichajes1.jpg\" data-description=\"fichajes\"><img alt=\"Serie A | Paulo Dybala | Juventus.\" src=\"http:\/\/desarrollo.grupomedios.com\/futbol\/wp-content\/uploads\/2015\/07\/Fichajes-Serie-A-3.jpg\" data-image=\"http:\/\/desarrollo.grupomedios.com\/futbol\/wp-content\/uploads\/2015\/07\/Fichajes-Serie-A-3.jpg\" data-description=\"Fichajes-Serie-A-3\"><img alt=\"Serie A | Mario Mandzuki | Juventus.\" src=\"http:\/\/desarrollo.grupomedios.com\/futbol\/wp-content\/uploads\/2015\/07\/Fichajes-Serie-A-1.jpg\" data-image=\"http:\/\/desarrollo.grupomedios.com\/futbol\/wp-content\/uploads\/2015\/07\/Fichajes-Serie-A-1.jpg\" data-description=\"Fichajes-Serie-A-1\"><img alt=\"Serie A|Zaza|Juventus\" src=\"http:\/\/desarrollo.grupomedios.com\/futbol\/wp-content\/uploads\/2015\/07\/zaza-2.jpg\" data-image=\"http:\/\/desarrollo.grupomedios.com\/futbol\/wp-content\/uploads\/2015\/07\/zaza-2.jpg\" data-description=\"zaza 2\"><img alt=\"Serie A | Sami Khedira | Juventus.\" src=\"http:\/\/desarrollo.grupomedios.com\/futbol\/wp-content\/uploads\/2015\/07\/Fichajes-Serie-A-7.jpg\" data-image=\"http:\/\/desarrollo.grupomedios.com\/futbol\/wp-content\/uploads\/2015\/07\/Fichajes-Serie-A-7.jpg\" data-description=\"Fichajes-Serie-A-7\"><img alt=\"Serie A | Geofffrey Kondogbia | Inter de Mil\u00e1n.\" src=\"http:\/\/desarrollo.grupomedios.com\/futbol\/wp-content\/uploads\/2015\/07\/Fichajes-Seria-A-2.jpg\" data-image=\"http:\/\/desarrollo.grupomedios.com\/futbol\/wp-content\/uploads\/2015\/07\/Fichajes-Seria-A-2.jpg\" data-description=\"Fichajes-Seria-A-2\"><img alt=\"Serie A | Joao Miranda | Inter de Mil\u00e1n.\" src=\"http:\/\/desarrollo.grupomedios.com\/futbol\/wp-content\/uploads\/2015\/07\/Fichajes-Serie-A-5.jpg\" data-image=\"http:\/\/desarrollo.grupomedios.com\/futbol\/wp-content\/uploads\/2015\/07\/Fichajes-Serie-A-5.jpg\" data-description=\"Fichajes-Serie-A-5\"><img alt=\"Serie A | Jeison Murillo | Inter de Mil\u00e1n. \" src=\"http:\/\/desarrollo.grupomedios.com\/futbol\/wp-content\/uploads\/2015\/07\/Fichajes-Serie-A-6.jpg\" data-image=\"http:\/\/desarrollo.grupomedios.com\/futbol\/wp-content\/uploads\/2015\/07\/Fichajes-Serie-A-6.jpg\" data-description=\"Fichajes-Serie-A-6\"><img alt=\"Serie A | Andrea Bertolacci | AC Mil\u00e1n.\" src=\"http:\/\/desarrollo.grupomedios.com\/futbol\/wp-content\/uploads\/2015\/07\/Fichajes-Seria-A-4.jpg\" data-image=\"http:\/\/desarrollo.grupomedios.com\/futbol\/wp-content\/uploads\/2015\/07\/Fichajes-Seria-A-4.jpg\" data-description=\"Fichajes-Seria-A-4\"><img alt=\"Serie A | Iago Falque | AS Roma. \" src=\"http:\/\/desarrollo.grupomedios.com\/futbol\/wp-content\/uploads\/2015\/07\/Falque.jpg\" data-image=\"http:\/\/desarrollo.grupomedios.com\/futbol\/wp-content\/uploads\/2015\/07\/Falque.jpg\" data-description=\"Falque\"><img alt=\"Serie A | Carlos Bacca | AC Mil\u00e1n\" src=\"http:\/\/desarrollo.grupomedios.com\/futbol\/wp-content\/uploads\/2015\/07\/Fichajes-Seria-A-8.jpg\" data-image=\"http:\/\/desarrollo.grupomedios.com\/futbol\/wp-content\/uploads\/2015\/07\/Fichajes-Seria-A-8.jpg\" data-description=\"Fichajes-Seria-A-8\"><img alt=\"Serie A | Luiz Adriano | AC Mil\u00e1n.\" src=\"http:\/\/desarrollo.grupomedios.com\/futbol\/wp-content\/uploads\/2015\/07\/Luiz-Adriano.jpg\" data-image=\"http:\/\/desarrollo.grupomedios.com\/futbol\/wp-content\/uploads\/2015\/07\/Luiz-Adriano.jpg\" data-description=\"Luiz-Adriano\"><img alt=\"Bundesliga | Sven Ulreich | Bayern M\u00fanich.\" src=\"http:\/\/desarrollo.grupomedios.com\/futbol\/wp-content\/uploads\/2015\/07\/Fichajes-alemania-92.jpg\" data-image=\"http:\/\/desarrollo.grupomedios.com\/futbol\/wp-content\/uploads\/2015\/07\/Fichajes-alemania-92.jpg\" data-description=\"Fichajes-alemania-92\"><img alt=\"Bundesliga | Douglas Costa | Bayern M\u00fanich.\" src=\"http:\/\/desarrollo.grupomedios.com\/futbol\/wp-content\/uploads\/2015\/07\/Fichajes-alemani-91.jpg\" data-image=\"http:\/\/desarrollo.grupomedios.com\/futbol\/wp-content\/uploads\/2015\/07\/Fichajes-alemani-91.jpg\" data-description=\"Fichajes-alemani-91\"><img alt=\"Bundesliga |  Roman B\u00fcrki | Borussia Dortmund. \" src=\"http:\/\/desarrollo.grupomedios.com\/futbol\/wp-content\/uploads\/2015\/07\/Fichajes-Alemania-9.jpg\" data-image=\"http:\/\/desarrollo.grupomedios.com\/futbol\/wp-content\/uploads\/2015\/07\/Fichajes-Alemania-9.jpg\" data-description=\"Fichajes-Alemania-9\"><img alt=\"Bundesliga | Michael Langerak | Stuttgart. \" src=\"http:\/\/desarrollo.grupomedios.com\/futbol\/wp-content\/uploads\/2015\/07\/Langerak.jpg\" data-image=\"http:\/\/desarrollo.grupomedios.com\/futbol\/wp-content\/uploads\/2015\/07\/Langerak.jpg\" data-description=\"Langerak\"><img alt=\"Portugal | Giannelli Imbula | FC Porto.\" src=\"http:\/\/desarrollo.grupomedios.com\/futbol\/wp-content\/uploads\/2015\/07\/Immbulla.jpg\" data-image=\"http:\/\/desarrollo.grupomedios.com\/futbol\/wp-content\/uploads\/2015\/07\/Immbulla.jpg\" data-description=\"Immbulla\"><img alt=\"Turqu\u00eda | Lukas Podolski | Galatasaray\" src=\"http:\/\/desarrollo.grupomedios.com\/futbol\/wp-content\/uploads\/2015\/07\/Podolski.jpg\" data-image=\"http:\/\/desarrollo.grupomedios.com\/futbol\/wp-content\/uploads\/2015\/07\/Podolski.jpg\" data-description=\"Podolski\"><img alt=\"MLS | Andrea Pilo | New York City\" src=\"http:\/\/desarrollo.grupomedios.com\/futbol\/wp-content\/uploads\/2015\/07\/fichajes2.jpg\" data-image=\"http:\/\/desarrollo.grupomedios.com\/futbol\/wp-content\/uploads\/2015\/07\/fichajes2.jpg\" data-description=\"fichajes\"><\/div>\n        <script>\n        \/\/galeria 1\n        jQuery(document).ready(function(){ \n            var api;\n            api = jQuery(\"#galleryhm6\").unitegallery({\n                carousel_autoplay: false\n            }); \n        });\n        <\/script>\n        \n<p>La puja por armarse hasta los dientes para el siguiente curso pinta de ensue\u00f1o. Aun falta que se oficialicen aquellos traspasos alucinantes, como el de Radamel Falcao al Chelsea o el de Paul Pogba, objetivo del Real Madrid y Barcelona, y por supuesto otros bombazos de alto voltaje que sin duda ser\u00e1n las contrataciones r\u00e9cord del verano. Mientras llega el tiempo tan ansiado para los fan\u00e1ticos de cada club, puede echarles un vistazo a todos los rumores que hay en el<a href=\"http:\/\/futboltotal.com.mx\/2015\/07\/futbol-de-estufa-en-europa\/\"> Futbol de Estufa de Europa. <\/a><\/p>\n","protected":false},"excerpt":{"rendered":"<p>Te presentamos las contrataciones m\u00e1s importantes para la temporada 2015-16<\/p>\n","protected":false},"author":20,"featured_media":291294,"comment_status":"open","ping_status":"open","sticky":false,"template":"","format":"standard","meta":[],"categories":[3839,3844,3846,3848],"tags":[640,4847],"_links":{"self":[{"href":"http:\/\/desarrollo.grupomedios.com\/futbol\/wp-json\/wp\/v2\/posts\/289882"}],"collection":[{"href":"http:\/\/desarrollo.grupomedios.com\/futbol\/wp-json\/wp\/v2\/posts"}],"about":[{"href":"http:\/\/desarrollo.grupomedios.com\/futbol\/wp-json\/wp\/v2\/types\/post"}],"author":[{"embeddable":true,"href":"http:\/\/desarrollo.grupomedios.com\/futbol\/wp-json\/wp\/v2\/users\/20"}],"replies":[{"embeddable":true,"href":"http:\/\/desarrollo.grupomedios.com\/futbol\/wp-json\/wp\/v2\/comments?post=289882"}],"version-history":[{"count":0,"href":"http:\/\/desarrollo.grupomedios.com\/futbol\/wp-json\/wp\/v2\/posts\/289882\/revisions"}],"wp:featuredmedia":[{"embeddable":true,"href":"http:\/\/desarrollo.grupomedios.com\/futbol\/wp-json\/wp\/v2\/media\/291294"}],"wp:attachment":[{"href":"http:\/\/desarrollo.grupomedios.com\/futbol\/wp-json\/wp\/v2\/media?parent=289882"}],"wp:term":[{"taxonomy":"category","embeddable":true,"href":"http:\/\/desarrollo.grupomedios.com\/futbol\/wp-json\/wp\/v2\/categories?post=289882"},{"taxonomy":"post_tag","embeddable":true,"href":"http:\/\/desarrollo.grupomedios.com\/futbol\/wp-json\/wp\/v2\/tags?post=289882"}],"curies":[{"name":"wp","href":"https:\/\/api.w.org\/{rel}","templated":true}]}}