{"id":289914,"date":"2015-06-30T19:55:59","date_gmt":"2015-07-01T00:55:59","guid":{"rendered":"http:\/\/futboltotal.com.mx\/?p=289914"},"modified":"2015-06-30T19:55:59","modified_gmt":"2015-07-01T00:55:59","slug":"roque-santa-cruz-otra-vez-lesionado-2","status":"publish","type":"post","link":"http:\/\/desarrollo.grupomedios.com\/futbol\/videos\/roque-santa-cruz-otra-vez-lesionado-2\/2015\/06","title":{"rendered":"Roque Santa Cruz&#8230; \u00a1Otra vez lesionado!"},"content":{"rendered":"<p><a href=\"http:\/\/futboltotal.com.mx\/minuto-a-minuto\/en-vivo-argentina-vs-paraguay-copa-america\/\" target=\"_blank\">Las lesiones no terminan para<strong> Roque Santa Cruz.<\/strong> <\/a>El delantero sali\u00f3 de cambio en el partido entre <strong>Paraguay<\/strong> y <strong>Argentina<\/strong>, correspondiente a la Semifinal de la <strong>Copa Am\u00e9rica.<\/strong><\/p>\n<p>Corr\u00eda el minuto 28, <strong>Roque Santa Cruz<\/strong> iba por un bal\u00f3n, pero en el intento sinti\u00f3 una molestia en el muslo derecho lo que provoc\u00f3 que dejara el campo para la entrada de Lucas Barrios, quien marc\u00f3 de momento el \u00fanico gol de <strong>Paraguay<\/strong> en la derrota parcial de 4-1.<\/p>\n<p>En su primer torneo con Cruz Azul, <strong>Santa Cruz<\/strong> paso semanas lesionado por un desgarre, mismo que lo llev\u00f3 a recaer en m\u00e1s de una ocasi\u00f3n.<\/p>\n<p><strong>Roque Santa Cruz<\/strong> se perdi\u00f3 siete partidos del Clausura 2015 de la Liga MX; \u00bflo veremos r\u00e1pido de vuelta con La M\u00e1quina?<\/p>\n<blockquote class=\"twitter-tweet\" lang=\"es\">\n<p dir=\"ltr\" lang=\"es\">\u00a1Malas noticias para Cruz Azul! Roque Santa Cruz sali\u00f3 lesionado. <a href=\"http:\/\/t.co\/IfrpHAz7vm\">pic.twitter.com\/IfrpHAz7vm<\/a><\/p>\n<p>\u2014 Andr\u00e9 Mar\u00edn (@andremarinpuig) <a href=\"https:\/\/twitter.com\/andremarinpuig\/status\/616035061784129536\">julio 1, 2015<\/a><\/p><\/blockquote>\n<p><script src=\"\/\/platform.twitter.com\/widgets.js\" async=\"\" charset=\"utf-8\"><\/script><\/p>\n","protected":false},"excerpt":{"rendered":"<p>El paraguayo sali\u00f3 lesionado en el duelo ante Argentina <\/p>\n","protected":false},"author":20,"featured_media":289915,"comment_status":"open","ping_status":"open","sticky":false,"template":"","format":"standard","meta":[],"categories":[5516,3839,4],"tags":[664,650],"_links":{"self":[{"href":"http:\/\/desarrollo.grupomedios.com\/futbol\/wp-json\/wp\/v2\/posts\/289914"}],"collection":[{"href":"http:\/\/desarrollo.grupomedios.com\/futbol\/wp-json\/wp\/v2\/posts"}],"about":[{"href":"http:\/\/desarrollo.grupomedios.com\/futbol\/wp-json\/wp\/v2\/types\/post"}],"author":[{"embeddable":true,"href":"http:\/\/desarrollo.grupomedios.com\/futbol\/wp-json\/wp\/v2\/users\/20"}],"replies":[{"embeddable":true,"href":"http:\/\/desarrollo.grupomedios.com\/futbol\/wp-json\/wp\/v2\/comments?post=289914"}],"version-history":[{"count":0,"href":"http:\/\/desarrollo.grupomedios.com\/futbol\/wp-json\/wp\/v2\/posts\/289914\/revisions"}],"wp:featuredmedia":[{"embeddable":true,"href":"http:\/\/desarrollo.grupomedios.com\/futbol\/wp-json\/wp\/v2\/media\/289915"}],"wp:attachment":[{"href":"http:\/\/desarrollo.grupomedios.com\/futbol\/wp-json\/wp\/v2\/media?parent=289914"}],"wp:term":[{"taxonomy":"category","embeddable":true,"href":"http:\/\/desarrollo.grupomedios.com\/futbol\/wp-json\/wp\/v2\/categories?post=289914"},{"taxonomy":"post_tag","embeddable":true,"href":"http:\/\/desarrollo.grupomedios.com\/futbol\/wp-json\/wp\/v2\/tags?post=289914"}],"curies":[{"name":"wp","href":"https:\/\/api.w.org\/{rel}","templated":true}]}}