{"id":289943,"date":"2015-07-01T08:11:18","date_gmt":"2015-07-01T13:11:18","guid":{"rendered":"http:\/\/futboltotal.com.mx\/?p=289943"},"modified":"2015-07-01T08:11:18","modified_gmt":"2015-07-01T13:11:18","slug":"omar-govea-refuerzo-del-porto","status":"publish","type":"post","link":"http:\/\/desarrollo.grupomedios.com\/futbol\/destacado-home\/omar-govea-refuerzo-del-porto\/2015\/07","title":{"rendered":"Omar Govea, refuerzo del Porto"},"content":{"rendered":"<p>Un mexicano cruza el Atl\u00e1ntico y cumplir\u00e1 el sue\u00f1o europeo. Se trata de <strong>Omar Govea Garc\u00eda<\/strong>, mediocampista forjado en las fuerzas b\u00e1sicas del<strong> Am\u00e9rica<\/strong>, ser\u00e1 refuerzo del<strong> Porto<\/strong> para la temporadas 2015-16.<\/p>\n<p>El traspaso de Govea se concret\u00f3 despu\u00e9s de que el club Am\u00e9rica acept\u00f3 la oferta del Porto para que llegue a pr\u00e9stamo por un a\u00f1o. Si su rendimiento es \u00f3ptimo entonces el club valorar\u00e1 ficharlo de manera definitiva. El conjunto americanista oficializar\u00e1 la salida del jugador en las pr\u00f3ximas horas.<\/p>\n<p>El <strong>Porto<\/strong> puso en \u00f3rbita el traspaso desde el pasado Mundial Sub-17, donde sigui\u00f3 con lupa las progresiones de Govea. Seis meses despu\u00e9s, la directiva del equipo no dud\u00f3 en negociar con las <em>\u00c1guilas, <\/em>que pretend\u00edan incorporar al jugador al primer equipo dirigido por Ignacio Ambriz.<\/p>\n<p>Goeva reportar\u00e1 en los pr\u00f3ximos d\u00edas con el <strong>Porto<\/strong> y se convertir\u00e1 en el cuarto drag\u00f3n <em>azteca<\/em>, despu\u00e9s de las incorporaciones de Diego Reyes, H\u00e9ctor Herrera y Ra\u00fal Gudi\u00f1o.<\/p>\n","protected":false},"excerpt":{"rendered":"<p>Am\u00e9rica ha dado el s\u00ed al Porto por el traspaso del mediocampista de 19 a\u00f1os<\/p>\n","protected":false},"author":20,"featured_media":289944,"comment_status":"open","ping_status":"open","sticky":false,"template":"","format":"standard","meta":[],"categories":[5,3839],"tags":[5959,5612,1208],"_links":{"self":[{"href":"http:\/\/desarrollo.grupomedios.com\/futbol\/wp-json\/wp\/v2\/posts\/289943"}],"collection":[{"href":"http:\/\/desarrollo.grupomedios.com\/futbol\/wp-json\/wp\/v2\/posts"}],"about":[{"href":"http:\/\/desarrollo.grupomedios.com\/futbol\/wp-json\/wp\/v2\/types\/post"}],"author":[{"embeddable":true,"href":"http:\/\/desarrollo.grupomedios.com\/futbol\/wp-json\/wp\/v2\/users\/20"}],"replies":[{"embeddable":true,"href":"http:\/\/desarrollo.grupomedios.com\/futbol\/wp-json\/wp\/v2\/comments?post=289943"}],"version-history":[{"count":0,"href":"http:\/\/desarrollo.grupomedios.com\/futbol\/wp-json\/wp\/v2\/posts\/289943\/revisions"}],"wp:featuredmedia":[{"embeddable":true,"href":"http:\/\/desarrollo.grupomedios.com\/futbol\/wp-json\/wp\/v2\/media\/289944"}],"wp:attachment":[{"href":"http:\/\/desarrollo.grupomedios.com\/futbol\/wp-json\/wp\/v2\/media?parent=289943"}],"wp:term":[{"taxonomy":"category","embeddable":true,"href":"http:\/\/desarrollo.grupomedios.com\/futbol\/wp-json\/wp\/v2\/categories?post=289943"},{"taxonomy":"post_tag","embeddable":true,"href":"http:\/\/desarrollo.grupomedios.com\/futbol\/wp-json\/wp\/v2\/tags?post=289943"}],"curies":[{"name":"wp","href":"https:\/\/api.w.org\/{rel}","templated":true}]}}