{"id":289966,"date":"2015-07-01T11:22:55","date_gmt":"2015-07-01T16:22:55","guid":{"rendered":"http:\/\/futboltotal.com.mx\/?p=289966"},"modified":"2015-07-01T11:42:35","modified_gmt":"2015-07-01T16:42:35","slug":"porto-hace-oficial-la-salida-de-jackson-martinez","status":"publish","type":"post","link":"http:\/\/desarrollo.grupomedios.com\/futbol\/futbol-internacional\/porto-hace-oficial-la-salida-de-jackson-martinez\/2015\/07","title":{"rendered":"Porto oficializa salida de Jackson Mart\u00ednez"},"content":{"rendered":"<p>El equipo <strong>Porto FC<\/strong> comunic\u00f3 a trav\u00e9s de su p\u00e1gina oficial que el futbolista colombiano, <strong>Jackson Mart\u00ednez<\/strong>, fue transferido al <strong>Atl\u00e9tico de Madrid<\/strong> por 35 millones de euros.<\/p>\n<p>La noticia emitida por el club se concret\u00f3 hace un par de d\u00edas, cuando Miguel \u00c1ngel Gil, consejero delegado del <strong>Atl\u00e9tico de Madrid<\/strong> y Pinto Costa, presidente de los <em>Dragones<\/em>, llegaron a un acuerdo para la transferencia de\u00a0<strong>Jackson<\/strong>.<\/p>\n<p>Los <em>Dragones<\/em> le ganaron la partida al AC Mil\u00e1n, que no quiso desembolsar los 35 mde para rescindir el contrato del jugador, y ahora tiene el primer refuerzo en la era del entrenador\u00a0Sini\u0161a Mihajlovi\u0107.<\/p>\n<p><strong>Jackson <\/strong>deja al Porto con\u00a0136 partidos oficiales en los que firm\u00f3 92 goles. En su primera campa\u00f1a realiz\u00f3 26 de ellos, para su siguiente a\u00f1o concret\u00f3 20 y finalmente en la temporada 2014-2015 se despidi\u00f3 como m\u00e1ximo romperedes con 21 goles.<\/p>\n<p>\u201cYa es un hecho, puedo confirmar que todo est\u00e1 listo. Por ahora ir\u00e9 a disfrutar de mi familia y luego viajar\u00e9 a Espa\u00f1a para presentarme con mi nuevo club. Me entusiasma much\u00edsimo este paso al Atl\u00e9tico de Madrid, lo asumo como un nuevo reto en mi carrera y ahora espero que las cosas me salgan muy bien all\u00e1. Ir\u00e9 con todo el compromiso de aportar para que el club siga en esta evoluci\u00f3n&#8221;, dijo Jackson en declaraciones publicadas al diario<em> Marca.<\/em><\/p>\n","protected":false},"excerpt":{"rendered":"<p>El colombiano llegar\u00e1 al Atl\u00e9tico de Madrid por 35 millones de euros<\/p>\n","protected":false},"author":20,"featured_media":289970,"comment_status":"open","ping_status":"open","sticky":false,"template":"","format":"standard","meta":[],"categories":[3839,3844],"tags":[6039,1208],"_links":{"self":[{"href":"http:\/\/desarrollo.grupomedios.com\/futbol\/wp-json\/wp\/v2\/posts\/289966"}],"collection":[{"href":"http:\/\/desarrollo.grupomedios.com\/futbol\/wp-json\/wp\/v2\/posts"}],"about":[{"href":"http:\/\/desarrollo.grupomedios.com\/futbol\/wp-json\/wp\/v2\/types\/post"}],"author":[{"embeddable":true,"href":"http:\/\/desarrollo.grupomedios.com\/futbol\/wp-json\/wp\/v2\/users\/20"}],"replies":[{"embeddable":true,"href":"http:\/\/desarrollo.grupomedios.com\/futbol\/wp-json\/wp\/v2\/comments?post=289966"}],"version-history":[{"count":0,"href":"http:\/\/desarrollo.grupomedios.com\/futbol\/wp-json\/wp\/v2\/posts\/289966\/revisions"}],"wp:featuredmedia":[{"embeddable":true,"href":"http:\/\/desarrollo.grupomedios.com\/futbol\/wp-json\/wp\/v2\/media\/289970"}],"wp:attachment":[{"href":"http:\/\/desarrollo.grupomedios.com\/futbol\/wp-json\/wp\/v2\/media?parent=289966"}],"wp:term":[{"taxonomy":"category","embeddable":true,"href":"http:\/\/desarrollo.grupomedios.com\/futbol\/wp-json\/wp\/v2\/categories?post=289966"},{"taxonomy":"post_tag","embeddable":true,"href":"http:\/\/desarrollo.grupomedios.com\/futbol\/wp-json\/wp\/v2\/tags?post=289966"}],"curies":[{"name":"wp","href":"https:\/\/api.w.org\/{rel}","templated":true}]}}