{"id":290050,"date":"2015-07-06T14:20:02","date_gmt":"2015-07-06T19:20:02","guid":{"rendered":"http:\/\/futboltotal.com.mx\/?p=290050"},"modified":"2015-07-06T14:56:38","modified_gmt":"2015-07-06T19:56:38","slug":"barcelona-ficha-a-arda-turan","status":"publish","type":"post","link":"http:\/\/desarrollo.grupomedios.com\/futbol\/futbol-internacional\/barcelona-ficha-a-arda-turan\/2015\/07","title":{"rendered":"OFICIAL: Barcelona ficha a Arda Turan"},"content":{"rendered":"<p>El <strong>Barcelona<\/strong> no dej\u00f3 escapar la oportunidad de contar con uno de los mediocampistas m\u00e1s rentables de la Liga, el turco Arda Turan, y cinco d\u00edas despu\u00e9s de haber amarrado su contrataci\u00f3n oficializ\u00f3 su llegada para el curso 2015-16.<\/p>\n<p>Este lunes, los <em>Blaugranas<\/em> sellaron con el Atl\u00e9tico de Madrid el traspaso del turco, de 28 a\u00f1os, por cinco temporadas a cambio de 34 millones de euros, que incluir\u00e1 7 mde m\u00e1s en variables, seg\u00fane el reporte de la prensa espa\u00f1ola.<\/p>\n<p><a href=\"http:\/\/futboltotal.com.mx\/wp-content\/uploads\/2015\/07\/Arda2.jpg\"><img decoding=\"async\" loading=\"lazy\" class=\"alignnone size-full wp-image-291305\" src=\"http:\/\/futboltotal.com.mx\/wp-content\/uploads\/2015\/07\/Arda2.jpg\" alt=\"Arda\" srcset=\"http:\/\/desarrollo.grupomedios.com\/futbol\/wp-content\/uploads\/2015\/07\/Arda2.jpg 820w, http:\/\/desarrollo.grupomedios.com\/futbol\/wp-content\/uploads\/2015\/07\/Arda2-300x201.jpg 300w\" sizes=\"(max-width: 820px) 100vw, 820px\" \/><\/a><\/p>\n<p>A trav\u00e9s de un comunicado en su p\u00e1gina web, Barcelona inform\u00f3 que el fichaje de Arda Turan se da justo en la v\u00edspera de las elecciones del club catal\u00e1n, por lo que la contrataci\u00f3n fue realizada por la Comisi\u00f3n Gestora de la entidad.<\/p>\n<p>Barcelona no podr\u00e1 registrar a Arda Turan, quien ten\u00eda ofertas para ir a la Premier League, en el inicio de la temporada 2015-16, debido a la sanci\u00f3n que le impuso FIFA por violar reglamento en el fichaje de menores; lo har\u00e1 para el arranque del pr\u00f3ximo a\u00f1o.<\/p>\n<p>La pretemporada del Barcelona arranca el pr\u00f3ximo 13 de julio y ser\u00e1 el entrenador del club Luis Enrique quien decida si desde ahora Arda Turan se incorpora al primer equipo o lo hace despu\u00e9s de librar el castigo.<\/p>\n","protected":false},"excerpt":{"rendered":"<p>Cul\u00e9s dan la sorpresa y amarran al mediocampista turco por cinco temporadas<\/p>\n","protected":false},"author":20,"featured_media":291306,"comment_status":"open","ping_status":"open","sticky":false,"template":"","format":"standard","meta":[],"categories":[3839,3844],"tags":[5984,640,4847],"_links":{"self":[{"href":"http:\/\/desarrollo.grupomedios.com\/futbol\/wp-json\/wp\/v2\/posts\/290050"}],"collection":[{"href":"http:\/\/desarrollo.grupomedios.com\/futbol\/wp-json\/wp\/v2\/posts"}],"about":[{"href":"http:\/\/desarrollo.grupomedios.com\/futbol\/wp-json\/wp\/v2\/types\/post"}],"author":[{"embeddable":true,"href":"http:\/\/desarrollo.grupomedios.com\/futbol\/wp-json\/wp\/v2\/users\/20"}],"replies":[{"embeddable":true,"href":"http:\/\/desarrollo.grupomedios.com\/futbol\/wp-json\/wp\/v2\/comments?post=290050"}],"version-history":[{"count":0,"href":"http:\/\/desarrollo.grupomedios.com\/futbol\/wp-json\/wp\/v2\/posts\/290050\/revisions"}],"wp:featuredmedia":[{"embeddable":true,"href":"http:\/\/desarrollo.grupomedios.com\/futbol\/wp-json\/wp\/v2\/media\/291306"}],"wp:attachment":[{"href":"http:\/\/desarrollo.grupomedios.com\/futbol\/wp-json\/wp\/v2\/media?parent=290050"}],"wp:term":[{"taxonomy":"category","embeddable":true,"href":"http:\/\/desarrollo.grupomedios.com\/futbol\/wp-json\/wp\/v2\/categories?post=290050"},{"taxonomy":"post_tag","embeddable":true,"href":"http:\/\/desarrollo.grupomedios.com\/futbol\/wp-json\/wp\/v2\/tags?post=290050"}],"curies":[{"name":"wp","href":"https:\/\/api.w.org\/{rel}","templated":true}]}}