{"id":290089,"date":"2015-07-01T15:41:46","date_gmt":"2015-07-01T20:41:46","guid":{"rendered":"http:\/\/futboltotal.com.mx\/?p=290089"},"modified":"2015-07-01T15:42:15","modified_gmt":"2015-07-01T20:42:15","slug":"gargano-95-por-ciento-firmado-con-monterrey","status":"publish","type":"post","link":"http:\/\/desarrollo.grupomedios.com\/futbol\/futbol-mexicano\/gargano-95-por-ciento-firmado-con-monterrey\/2015\/07","title":{"rendered":"Gargano, &#8220;95 por ciento&#8221; firmado con Monterrey"},"content":{"rendered":"<p><strong>Walter Gargano<\/strong> est\u00e1 muy cerca de ser <em>Rayado<\/em>, comunic\u00f3 <strong>Antonio Mohamed<\/strong>, estratega del cuadro regiomontano.<\/p>\n<p>El Monterrey tendr\u00eda atado al internacional uruguayo, actualmente del <strong>Napoli<\/strong>, para el Apertura 2015, esperando incluso que el jugador se incluya a la pretemporada del cuadro norte\u00f1o en Estados Unidos.<\/p>\n<p>Seg\u00fan el entrenador argentino, &#8220;Gargano est\u00e1 en un 95 por ciento&#8221; de fichado. Mohamed destac\u00f3 que hay peque\u00f1os detalles que aun no concretan para poder llevar a cabo la firma, pero que espera que &#8220;ese 5 por ciento no sea muy fuerte&#8221; para evitar la llegada del uruguayo a la <strong>Liga MX<\/strong>.<\/p>\n<p>Adem\u00e1s, Mohamed destac\u00f3 que Walter Gargano no es la \u00fanica opci\u00f3n para el equipo rumbo al Apertura 2015. Al ser cuestionado sobre la misma, surgi\u00f3 nuevamente el nombre de <strong>Jonathan dos Santos<\/strong>, quien solamente ser\u00eda la segunda opci\u00f3n para el cuadro regiomontano despu\u00e9s de Gargano. Si se concreta finalmente la llegada del <em>charr\u00faa<\/em>, el menor de los Dos Santos no ser\u00eda requerido en Monterrey.<\/p>\n<p>&#8220;Est\u00e1 la posibilidad de Jona, pero yo no he hablado con \u00e9l,&#8221; aclar\u00f3 Mohamed. Gargano, de 30 a\u00f1os, disput\u00f3 24 partidos en la Serie A la temporada pasada. Adem\u00e1s de Napoli, el mediocentro jug\u00f3 con Parma e Inter en el futbol europeo. Surgido de <strong>Danubio<\/strong>, emigr\u00f3 al futbol europeo en el 2007. Con su selecci\u00f3n, fue campe\u00f3n de la Copa Am\u00e9rica en 2011.<\/p>\n","protected":false},"excerpt":{"rendered":"<p>Antonio Mohamed asegur\u00f3 que el futbolista est\u00e1 cerca del club<\/p>\n","protected":false},"author":20,"featured_media":290095,"comment_status":"open","ping_status":"open","sticky":false,"template":"","format":"standard","meta":[],"categories":[2198,3845],"tags":[5966,160,5641],"_links":{"self":[{"href":"http:\/\/desarrollo.grupomedios.com\/futbol\/wp-json\/wp\/v2\/posts\/290089"}],"collection":[{"href":"http:\/\/desarrollo.grupomedios.com\/futbol\/wp-json\/wp\/v2\/posts"}],"about":[{"href":"http:\/\/desarrollo.grupomedios.com\/futbol\/wp-json\/wp\/v2\/types\/post"}],"author":[{"embeddable":true,"href":"http:\/\/desarrollo.grupomedios.com\/futbol\/wp-json\/wp\/v2\/users\/20"}],"replies":[{"embeddable":true,"href":"http:\/\/desarrollo.grupomedios.com\/futbol\/wp-json\/wp\/v2\/comments?post=290089"}],"version-history":[{"count":0,"href":"http:\/\/desarrollo.grupomedios.com\/futbol\/wp-json\/wp\/v2\/posts\/290089\/revisions"}],"wp:featuredmedia":[{"embeddable":true,"href":"http:\/\/desarrollo.grupomedios.com\/futbol\/wp-json\/wp\/v2\/media\/290095"}],"wp:attachment":[{"href":"http:\/\/desarrollo.grupomedios.com\/futbol\/wp-json\/wp\/v2\/media?parent=290089"}],"wp:term":[{"taxonomy":"category","embeddable":true,"href":"http:\/\/desarrollo.grupomedios.com\/futbol\/wp-json\/wp\/v2\/categories?post=290089"},{"taxonomy":"post_tag","embeddable":true,"href":"http:\/\/desarrollo.grupomedios.com\/futbol\/wp-json\/wp\/v2\/tags?post=290089"}],"curies":[{"name":"wp","href":"https:\/\/api.w.org\/{rel}","templated":true}]}}