{"id":290098,"date":"2015-07-01T15:53:32","date_gmt":"2015-07-01T20:53:32","guid":{"rendered":"http:\/\/futboltotal.com.mx\/?p=290098"},"modified":"2015-07-01T15:53:32","modified_gmt":"2015-07-01T20:53:32","slug":"morelia-confirma-llegada-de-marco-torsiglieri","status":"publish","type":"post","link":"http:\/\/desarrollo.grupomedios.com\/futbol\/futbol-mexicano\/morelia-confirma-llegada-de-marco-torsiglieri\/2015\/07","title":{"rendered":"Morelia confirma llegada de Marco Torsiglieri"},"content":{"rendered":"<p><strong>Morelia<\/strong> contin\u00faa con el armado de su equipo de cara al Apertura 2015 de la <strong>Liga MX<\/strong>, motivo por el cual <strong><a href=\"http:\/\/futboltotal.com.mx\/2015\/06\/marco-torsiglieri-proximo-jugador-de-monarcas\/\" target=\"_blank\">hizo oficial la llegada del defensa argentino Marco Torsiglieri.<\/a><\/strong><\/p>\n<p>El zaguero, ex Boca Juniors, ya se encuentra en <strong>Morelia<\/strong>, donde de inmediato se puso bajo las \u00f3rdenes del t\u00e9cnico Enrique Meza.<\/p>\n<p><strong>Marco Torsiglieri<\/strong> se dijo feliz por llegar a la <strong>Liga MX,<\/strong> pues consider\u00f3 que jugar con <strong><a href=\"http:\/\/futboltotal.com.mx\/equipos\/morelia\/\" target=\"_blank\">Monarcas<\/a><\/strong> ser\u00e1 uno de los retos m\u00e1s lindos de su carrera.<\/p>\n<p>\u201cEstoy muy contento, afortunadamente se dio esta oportunidad y lo tomo como un paso muy importante en mi carrera. Pienso aprovecharlo, tratar de adaptarme r\u00e1pido con mis compa\u00f1eros y dar lo mejor dentro de la cancha\u201d, dijo <strong>Torsiglieri<\/strong>, quien llega ya con ritmo pues realiz\u00f3 trabajos con el conjunto <em>Xeneize<\/em>.<\/p>\n<p>\u201cHice toda la pretemporada con Boca, la verdad, fue un trabajo muy duro, inclusive jugu\u00e9 el amistoso del d\u00eda s\u00e1bado. As\u00ed que vengo con ritmo y quiero ponerme a entrenar r\u00e1pidamente para pensar en nuestro primer objetivo que es la permanencia\u201d.<\/p>\n<p>En la pasada campa\u00f1a, <strong>Torsiglieri<\/strong> sum\u00f3 999 minutos en la liga argentina, durante los 12 duelos que vio acci\u00f3n con el Boca. Tambi\u00e9n acumul\u00f3 360&#8242; en Copa Libertadores.<\/p>\n<blockquote class=\"twitter-tweet\" lang=\"es\">\n<p dir=\"ltr\" lang=\"es\">Marco Torsiglieri ya es parte de la Monarqu\u00eda y defender\u00e1 nuestros colores <a href=\"https:\/\/twitter.com\/hashtag\/ConTodaLaFuerza?src=hash\">#ConTodaLaFuerza<\/a> <a href=\"http:\/\/t.co\/UgDGWM8W0v\">http:\/\/t.co\/UgDGWM8W0v<\/a> <a href=\"http:\/\/t.co\/H3YFKIo89W\">pic.twitter.com\/H3YFKIo89W<\/a><\/p>\n<p>\u2014 Monarcas Morelia (@FuerzaMonarca) <a href=\"https:\/\/twitter.com\/FuerzaMonarca\/status\/616282712366682113\">julio 1, 2015<\/a><\/p><\/blockquote>\n<p><script src=\"\/\/platform.twitter.com\/widgets.js\" async=\"\" charset=\"utf-8\"><\/script><\/p>\n","protected":false},"excerpt":{"rendered":"<p>El defensa argentino realiz\u00f3 la pretemporada con Boca Juniors <\/p>\n","protected":false},"author":20,"featured_media":290104,"comment_status":"open","ping_status":"open","sticky":false,"template":"","format":"standard","meta":[],"categories":[2198,3845],"tags":[5647,85,5967],"_links":{"self":[{"href":"http:\/\/desarrollo.grupomedios.com\/futbol\/wp-json\/wp\/v2\/posts\/290098"}],"collection":[{"href":"http:\/\/desarrollo.grupomedios.com\/futbol\/wp-json\/wp\/v2\/posts"}],"about":[{"href":"http:\/\/desarrollo.grupomedios.com\/futbol\/wp-json\/wp\/v2\/types\/post"}],"author":[{"embeddable":true,"href":"http:\/\/desarrollo.grupomedios.com\/futbol\/wp-json\/wp\/v2\/users\/20"}],"replies":[{"embeddable":true,"href":"http:\/\/desarrollo.grupomedios.com\/futbol\/wp-json\/wp\/v2\/comments?post=290098"}],"version-history":[{"count":0,"href":"http:\/\/desarrollo.grupomedios.com\/futbol\/wp-json\/wp\/v2\/posts\/290098\/revisions"}],"wp:featuredmedia":[{"embeddable":true,"href":"http:\/\/desarrollo.grupomedios.com\/futbol\/wp-json\/wp\/v2\/media\/290104"}],"wp:attachment":[{"href":"http:\/\/desarrollo.grupomedios.com\/futbol\/wp-json\/wp\/v2\/media?parent=290098"}],"wp:term":[{"taxonomy":"category","embeddable":true,"href":"http:\/\/desarrollo.grupomedios.com\/futbol\/wp-json\/wp\/v2\/categories?post=290098"},{"taxonomy":"post_tag","embeddable":true,"href":"http:\/\/desarrollo.grupomedios.com\/futbol\/wp-json\/wp\/v2\/tags?post=290098"}],"curies":[{"name":"wp","href":"https:\/\/api.w.org\/{rel}","templated":true}]}}