{"id":290186,"date":"2015-07-01T22:06:40","date_gmt":"2015-07-02T03:06:40","guid":{"rendered":"http:\/\/futboltotal.com.mx\/?p=290186"},"modified":"2015-07-01T22:07:04","modified_gmt":"2015-07-02T03:07:04","slug":"matias-alustiza-a-nada-de-ser-mexicano","status":"publish","type":"post","link":"http:\/\/desarrollo.grupomedios.com\/futbol\/futbol-mexicano\/matias-alustiza-a-nada-de-ser-mexicano\/2015\/07","title":{"rendered":"Mat\u00edas Alustiza, a nada de ser mexicano"},"content":{"rendered":"<p>La <strong>Liga MX<\/strong> tendr\u00e1 otro futbolista naturalizado. El atacante argentino del Puebla,<strong> Mat\u00edas Alustiza,<\/strong> est\u00e1 a nada de ser mexicano, pues solo espera que llegue su carta que avale la doble nacionalidad.<\/p>\n<p>&#8220;Todav\u00eda no me lleg\u00f3 la carta, aprob\u00e9 el examen, pero todav\u00eda no llega la naturalizaci\u00f3n y ojal\u00e1 por el equipo llegue&#8221;, indic\u00f3 <strong>Mat\u00edas Alustiza<\/strong>, quien ya no contar\u00e1 como extranjero para el Apertura 2015 de la <strong>Liga MX.<\/strong><\/p>\n<p>Con lo anterior, el goleador del <strong>Puebla<\/strong> ya podr\u00eda ser elegible por el t\u00e9cnico mexicano Miguel Herrera, y as\u00ed formar parte del representativo nacional.<\/p>\n<p>Por otro lado, <strong>Mat\u00edas Alustiza<\/strong> destac\u00f3 el grupo que jugadores que tiene <em>La Franja,<\/em> por lo que consider\u00f3 que el nuevo timonel tendr\u00e1 un problema al escoger su once inicial.<\/p>\n<p>&#8220;Est\u00e1n trabajando a la par de todos. El problema lo tendr\u00e1 el profe\u00a0Marini\u00a0para armar al equipo, porque hay buen grupo, buenos jugadores&#8221;, dijo el argentino, quien a\u00f1adi\u00f3.<\/p>\n<p>&#8220;El viernes tenemos nuestro primer amistoso. Nuestro primer objetivo es\u00a0Morelia, el 20 por la\u00a0Supercopa MX. La queremos ganar y nos toca el mejor rival para arrancar que es el\u00a0Am\u00e9rica&#8221;, puntualiz\u00f3.<\/p>\n","protected":false},"excerpt":{"rendered":"<p>El argentino est\u00e1 a la espera de su carta de naturalizaci\u00f3n <\/p>\n","protected":false},"author":20,"featured_media":290190,"comment_status":"open","ping_status":"open","sticky":false,"template":"","format":"standard","meta":[],"categories":[2198,3845],"tags":[710,5969],"_links":{"self":[{"href":"http:\/\/desarrollo.grupomedios.com\/futbol\/wp-json\/wp\/v2\/posts\/290186"}],"collection":[{"href":"http:\/\/desarrollo.grupomedios.com\/futbol\/wp-json\/wp\/v2\/posts"}],"about":[{"href":"http:\/\/desarrollo.grupomedios.com\/futbol\/wp-json\/wp\/v2\/types\/post"}],"author":[{"embeddable":true,"href":"http:\/\/desarrollo.grupomedios.com\/futbol\/wp-json\/wp\/v2\/users\/20"}],"replies":[{"embeddable":true,"href":"http:\/\/desarrollo.grupomedios.com\/futbol\/wp-json\/wp\/v2\/comments?post=290186"}],"version-history":[{"count":0,"href":"http:\/\/desarrollo.grupomedios.com\/futbol\/wp-json\/wp\/v2\/posts\/290186\/revisions"}],"wp:featuredmedia":[{"embeddable":true,"href":"http:\/\/desarrollo.grupomedios.com\/futbol\/wp-json\/wp\/v2\/media\/290190"}],"wp:attachment":[{"href":"http:\/\/desarrollo.grupomedios.com\/futbol\/wp-json\/wp\/v2\/media?parent=290186"}],"wp:term":[{"taxonomy":"category","embeddable":true,"href":"http:\/\/desarrollo.grupomedios.com\/futbol\/wp-json\/wp\/v2\/categories?post=290186"},{"taxonomy":"post_tag","embeddable":true,"href":"http:\/\/desarrollo.grupomedios.com\/futbol\/wp-json\/wp\/v2\/tags?post=290186"}],"curies":[{"name":"wp","href":"https:\/\/api.w.org\/{rel}","templated":true}]}}