{"id":290230,"date":"2015-07-02T08:22:58","date_gmt":"2015-07-02T13:22:58","guid":{"rendered":"http:\/\/futboltotal.com.mx\/?p=290230"},"modified":"2015-07-02T08:22:58","modified_gmt":"2015-07-02T13:22:58","slug":"oficial-ac-milan-ficha-a-carlos-bacca","status":"publish","type":"post","link":"http:\/\/desarrollo.grupomedios.com\/futbol\/futbol-internacional\/oficial-ac-milan-ficha-a-carlos-bacca\/2015\/07","title":{"rendered":"Oficial: AC Milan ficha a Carlos Bacca"},"content":{"rendered":"<p><strong>AC Milan<\/strong> da un golpe de autoridad en el mercado de fichajes y ficha al delantero colombiano <strong>Carlos Bacca<\/strong>. Los <em>Rossoneri<\/em> pagaron 30 millones de euros de la cl\u00e1usula y ahora alistan la presentaci\u00f3n del ariete que firmar\u00e1 contrato por cuatro a\u00f1os.<\/p>\n<p>El traspaso de Bacca al Milan fue confirmado este jueves por el Sevilla, donde el ariete pas\u00f3 los dos \u00faltimos a\u00f1os a\u00f1os, gan\u00f3 en dos ocasiones la Europa League y rubric\u00f3 49 goles en 108 partidos.<\/p>\n<blockquote class=\"twitter-tweet\" lang=\"es\">\n<p dir=\"ltr\" lang=\"es\">El <a href=\"https:\/\/twitter.com\/hashtag\/Sevilla?src=hash\">#Sevilla<\/a> FC y el <a href=\"https:\/\/twitter.com\/acmilan\">@acmilan<\/a> llegan a un acuerdo para el traspaso de <a href=\"https:\/\/twitter.com\/carlos7bacca\">@carlos7bacca<\/a> <a href=\"http:\/\/t.co\/fRojZACjHj\">http:\/\/t.co\/fRojZACjHj<\/a> <a href=\"http:\/\/t.co\/UFna5jeovp\">pic.twitter.com\/UFna5jeovp<\/a><\/p>\n<p>\u2014 Sevilla F\u00fatbol Club (@SevillaFC) <a href=\"https:\/\/twitter.com\/SevillaFC\/status\/616592913951268864\">julio 2, 2015<\/a><\/p><\/blockquote>\n<p><script src=\"\/\/platform.twitter.com\/widgets.js\" async=\"\" charset=\"utf-8\"><\/script><br \/>\n<strong>Carlos Bacca<\/strong> es el primer fichaje estrella en la era del entrenador serbio Sini\u0161a Mihajlovi\u0107 y llega tras ser elegido por los <em>Rossoneri<\/em> como alterativa a Jackson Mart\u00ednez, a quien intentaton fichar pero se decant\u00f3 por ir al Atl\u00e9tico de Madrid.<\/p>\n","protected":false},"excerpt":{"rendered":"<p>Los Rossoneri pagan 30 millones por el traspaso del ariete colombiano<\/p>\n","protected":false},"author":20,"featured_media":290234,"comment_status":"open","ping_status":"open","sticky":false,"template":"","format":"standard","meta":[],"categories":[3839,3844,3848],"tags":[1630,3589,4847],"_links":{"self":[{"href":"http:\/\/desarrollo.grupomedios.com\/futbol\/wp-json\/wp\/v2\/posts\/290230"}],"collection":[{"href":"http:\/\/desarrollo.grupomedios.com\/futbol\/wp-json\/wp\/v2\/posts"}],"about":[{"href":"http:\/\/desarrollo.grupomedios.com\/futbol\/wp-json\/wp\/v2\/types\/post"}],"author":[{"embeddable":true,"href":"http:\/\/desarrollo.grupomedios.com\/futbol\/wp-json\/wp\/v2\/users\/20"}],"replies":[{"embeddable":true,"href":"http:\/\/desarrollo.grupomedios.com\/futbol\/wp-json\/wp\/v2\/comments?post=290230"}],"version-history":[{"count":0,"href":"http:\/\/desarrollo.grupomedios.com\/futbol\/wp-json\/wp\/v2\/posts\/290230\/revisions"}],"wp:featuredmedia":[{"embeddable":true,"href":"http:\/\/desarrollo.grupomedios.com\/futbol\/wp-json\/wp\/v2\/media\/290234"}],"wp:attachment":[{"href":"http:\/\/desarrollo.grupomedios.com\/futbol\/wp-json\/wp\/v2\/media?parent=290230"}],"wp:term":[{"taxonomy":"category","embeddable":true,"href":"http:\/\/desarrollo.grupomedios.com\/futbol\/wp-json\/wp\/v2\/categories?post=290230"},{"taxonomy":"post_tag","embeddable":true,"href":"http:\/\/desarrollo.grupomedios.com\/futbol\/wp-json\/wp\/v2\/tags?post=290230"}],"curies":[{"name":"wp","href":"https:\/\/api.w.org\/{rel}","templated":true}]}}