{"id":290396,"date":"2015-07-02T17:01:59","date_gmt":"2015-07-02T22:01:59","guid":{"rendered":"http:\/\/futboltotal.com.mx\/?p=290396"},"modified":"2015-07-02T17:08:09","modified_gmt":"2015-07-02T22:08:09","slug":"quiero-quedarme-en-mexico-matias-vuoso","status":"publish","type":"post","link":"http:\/\/desarrollo.grupomedios.com\/futbol\/futbol-mexicano\/liga-mx\/quiero-quedarme-en-mexico-matias-vuoso\/2015\/07","title":{"rendered":"&#8220;Quiero quedarme en M\u00e9xico&#8221;: Mat\u00edas Vuoso"},"content":{"rendered":"<p>El atacante <strong>Mat\u00edas Vuoso<\/strong> busca continuar en el futbol mexicano a pesar de contar con varias ofertas en el extranjero. Entre los ofrecimientos aparecen el balompi\u00e9 sudamericano como los m\u00e1s fuertes, adem\u00e1s de Asia e inclusive de la MLS.<\/p>\n<p>&#8220;Quiero quedarme en M\u00e9xico. Estar\u00eda mucho m\u00e1s cerca de mis hijos, ellos viven en Torre\u00f3n y obviamente lo ideal ser\u00eda eso&#8221;, resalt\u00f3 el seleccionado azteca, pues su familia ya est\u00e1 m\u00e1s que adaptada al pa\u00eds y \u00e9l se siente de lo m\u00e1s c\u00f3modo en la la Liga.<\/p>\n<p>El exfutbolista de Chiapas mencion\u00f3 que el club le debe a\u00fan tres meses de sueldo, mientras que en lo referente al Atlas (entidad a la que pertenece), est\u00e1 esperando a que el club cumpla con la aparte del acuerdo, pues prefiere quedar en buenos t\u00e9rminos por la v\u00eda verbal y no por la legal. <\/p>\n<p>&#8220;No les conviene bloquearme porque ellos no ganan ni un peso. No creo que sea as\u00ed. Si se enojan porque yo salgo a hablar, yo siempre he sido as\u00ed y digo las cosas de frente. No estoy mintiendo y estoy diciendo lo que realmente falta&#8221; se\u00f1al\u00f3 <strong>Mat\u00edas Vuoso<\/strong> en la \u00daltima Palabra. <\/p>\n<p>&#8220;Mis cr\u00edticas van en parte porque yo ya voy de salida. No me quedan muchos a\u00f1os en el futbol y quiz\u00e1s para la gente que viene atr\u00e1s ser\u00eda un parteaguas para que no vuelva a pasar esto tambi\u00e9n. Nada m\u00e1s quiero lo que estaba firmado en el contrato y lo que trabaj\u00e9&#8221;, abund\u00f3. <\/p>\n<p>&#8220;Yo estoy bien. Me siento pleno. Gracias adi\u00f3s en mi carrera nunca tuve lesiones importantes. Soy un tipo dentro de todo que f\u00edsicamente est\u00e1 bien&#8221;, concluy\u00f3 Vuoso esta tarde. <\/p>\n","protected":false},"excerpt":{"rendered":"<p>El bigoleador en Copa Am\u00e9rica se\u00f1al\u00f3 que cuenta con varias ofertas del extranjero <\/p>\n","protected":false},"author":20,"featured_media":290401,"comment_status":"open","ping_status":"open","sticky":false,"template":"","format":"standard","meta":[],"categories":[3845],"tags":[331,5979],"_links":{"self":[{"href":"http:\/\/desarrollo.grupomedios.com\/futbol\/wp-json\/wp\/v2\/posts\/290396"}],"collection":[{"href":"http:\/\/desarrollo.grupomedios.com\/futbol\/wp-json\/wp\/v2\/posts"}],"about":[{"href":"http:\/\/desarrollo.grupomedios.com\/futbol\/wp-json\/wp\/v2\/types\/post"}],"author":[{"embeddable":true,"href":"http:\/\/desarrollo.grupomedios.com\/futbol\/wp-json\/wp\/v2\/users\/20"}],"replies":[{"embeddable":true,"href":"http:\/\/desarrollo.grupomedios.com\/futbol\/wp-json\/wp\/v2\/comments?post=290396"}],"version-history":[{"count":0,"href":"http:\/\/desarrollo.grupomedios.com\/futbol\/wp-json\/wp\/v2\/posts\/290396\/revisions"}],"wp:featuredmedia":[{"embeddable":true,"href":"http:\/\/desarrollo.grupomedios.com\/futbol\/wp-json\/wp\/v2\/media\/290401"}],"wp:attachment":[{"href":"http:\/\/desarrollo.grupomedios.com\/futbol\/wp-json\/wp\/v2\/media?parent=290396"}],"wp:term":[{"taxonomy":"category","embeddable":true,"href":"http:\/\/desarrollo.grupomedios.com\/futbol\/wp-json\/wp\/v2\/categories?post=290396"},{"taxonomy":"post_tag","embeddable":true,"href":"http:\/\/desarrollo.grupomedios.com\/futbol\/wp-json\/wp\/v2\/tags?post=290396"}],"curies":[{"name":"wp","href":"https:\/\/api.w.org\/{rel}","templated":true}]}}