{"id":290439,"date":"2015-07-02T18:53:32","date_gmt":"2015-07-02T23:53:32","guid":{"rendered":"http:\/\/futboltotal.com.mx\/?p=290439"},"modified":"2015-07-02T18:57:02","modified_gmt":"2015-07-02T23:57:02","slug":"guardiola-espera-respuesta-de-schweinsteiger","status":"publish","type":"post","link":"http:\/\/desarrollo.grupomedios.com\/futbol\/futbol-internacional\/guardiola-espera-respuesta-de-schweinsteiger\/2015\/07","title":{"rendered":"Guardiola espera respuesta de Schweinsteiger"},"content":{"rendered":"<p><strong>Pep Guardiola<\/strong>, t\u00e9cnico del <strong>Bayern M\u00fanich<\/strong>, asegur\u00f3 que cuenta con <strong>Bastian Schweinsteiger<\/strong> para la pr\u00f3xima temporada. No obstante, el entrenador espa\u00f1ol espera la pronta respuesta del mediocampista, quien se presume estudia una propuesta del <strong>Manchester United<\/strong>.<\/p>\n<p>&#8220;Si <strong>Schweinsteiger<\/strong> quiere quedarse aqu\u00ed, entonces, eso es perfecto. \u00c9l es un gran jugador. Por supuesto que tengo la intenci\u00f3n de trabajar con <strong>Bastian<\/strong> la pr\u00f3xima temporada. Yo le dije: el futuro depende de ti\u201d, declar\u00f3 el <strong>Guardiola<\/strong>.<\/p>\n<p>El contrato de <strong>Bastian Schweinsteiger<\/strong> vence en 2016 y su renovaci\u00f3n, seg\u00fan el propio entrenador del <strong>Bayern M\u00fanich<\/strong>, depende s\u00f3lo del jugador.<\/p>\n<p>&#8220;Si el quiere quedarse dos, tres o cuatro a\u00f1os m\u00e1s aqu\u00ed podr\u00e1 hacerlo&#8221;, apunt\u00f3.<\/p>\n<p>Cabe apuntar que <strong>Bastian<\/strong> <strong>Schweinsteiger<\/strong>, quien ha disputado 13 temporadas con el club alem\u00e1n (ganando ocho t\u00edtulos de la Bundesliga y una Champions), tuvo muchos problemas de lesiones durante la pasada temporada, lo que le hizo perderse muchos partidos.<\/p>\n<p>Adem\u00e1s, la llegada de Xabi Alonso y el paso de Philipp Lahm al centro del campo hizo que la competencia por su posici\u00f3n de volante defensivo aumentara en el Bayern.<\/p>\n<p>Cabe apuntar que <strong>Bastian Schweinsteiger<\/strong> ha estado en Londres esta semana, apoyando su novia, la tenista serbia\u00a0Ana Ivanovic que perdi\u00f3 en la segunda ronda de Wimbledon.<\/p>\n","protected":false},"excerpt":{"rendered":"<p>El DT del Bayern cuenta con el alem\u00e1n para la pr\u00f3xima temporada<\/p>\n","protected":false},"author":20,"featured_media":290440,"comment_status":"open","ping_status":"open","sticky":false,"template":"","format":"standard","meta":[],"categories":[3839],"tags":[2056],"_links":{"self":[{"href":"http:\/\/desarrollo.grupomedios.com\/futbol\/wp-json\/wp\/v2\/posts\/290439"}],"collection":[{"href":"http:\/\/desarrollo.grupomedios.com\/futbol\/wp-json\/wp\/v2\/posts"}],"about":[{"href":"http:\/\/desarrollo.grupomedios.com\/futbol\/wp-json\/wp\/v2\/types\/post"}],"author":[{"embeddable":true,"href":"http:\/\/desarrollo.grupomedios.com\/futbol\/wp-json\/wp\/v2\/users\/20"}],"replies":[{"embeddable":true,"href":"http:\/\/desarrollo.grupomedios.com\/futbol\/wp-json\/wp\/v2\/comments?post=290439"}],"version-history":[{"count":0,"href":"http:\/\/desarrollo.grupomedios.com\/futbol\/wp-json\/wp\/v2\/posts\/290439\/revisions"}],"wp:featuredmedia":[{"embeddable":true,"href":"http:\/\/desarrollo.grupomedios.com\/futbol\/wp-json\/wp\/v2\/media\/290440"}],"wp:attachment":[{"href":"http:\/\/desarrollo.grupomedios.com\/futbol\/wp-json\/wp\/v2\/media?parent=290439"}],"wp:term":[{"taxonomy":"category","embeddable":true,"href":"http:\/\/desarrollo.grupomedios.com\/futbol\/wp-json\/wp\/v2\/categories?post=290439"},{"taxonomy":"post_tag","embeddable":true,"href":"http:\/\/desarrollo.grupomedios.com\/futbol\/wp-json\/wp\/v2\/tags?post=290439"}],"curies":[{"name":"wp","href":"https:\/\/api.w.org\/{rel}","templated":true}]}}