{"id":290464,"date":"2015-07-03T08:00:22","date_gmt":"2015-07-03T13:00:22","guid":{"rendered":"http:\/\/futboltotal.com.mx\/?p=290464"},"modified":"2015-07-03T11:38:18","modified_gmt":"2015-07-03T16:38:18","slug":"radamel-falcao-jugara-con-el-chelsea","status":"publish","type":"post","link":"http:\/\/desarrollo.grupomedios.com\/futbol\/destacado-home\/radamel-falcao-jugara-con-el-chelsea\/2015\/07","title":{"rendered":"Radamel Falcao jugar\u00e1 con el Chelsea"},"content":{"rendered":"<p>El rumor tom\u00f3 fuerza hasta que fue insostenible. Y as\u00ed,\u00a0este viernes se concret\u00f3 la llegada del delantero colombiano <strong>Radamel Falcao<\/strong> al que ser\u00e1 su nuevo club para la siguiente temporada: el <strong>Chelsea<\/strong>.<\/p>\n<p><a href=\"http:\/\/futboltotal.com.mx\/wp-content\/uploads\/2015\/07\/Welcome-Falcao.jpg\"><img decoding=\"async\" loading=\"lazy\" class=\"alignnone size-full wp-image-290465\" src=\"http:\/\/futboltotal.com.mx\/wp-content\/uploads\/2015\/07\/Welcome-Falcao.jpg\" alt=\"Welcome Falcao\" srcset=\"http:\/\/desarrollo.grupomedios.com\/futbol\/wp-content\/uploads\/2015\/07\/Welcome-Falcao.jpg 590w, http:\/\/desarrollo.grupomedios.com\/futbol\/wp-content\/uploads\/2015\/07\/Welcome-Falcao-300x194.jpg 300w\" sizes=\"(max-width: 590px) 100vw, 590px\" \/><\/a><\/p>\n<p>El atacante colombiano aterriza en Stamford Bridge en calidad de cedido y solo por una temporada. &#8220;Estoy muy contento de unirme a Chelsea y no puedo esperar para empezar a entrenar para ayudar a conseguir los objetivos: volver a ganar la Premier y realizar una buena campa\u00f1a en la Champions&#8221;,\u00a0sentenci\u00f3 <strong>Falcao<\/strong> tras la oficializaci\u00f3n del acuerdo.<\/p>\n<p>Como parte de la operaci\u00f3n, el centrocampista de 20 a\u00f1os Mario Pasalic, jugar\u00e1 como cedido en el M\u00f3naco.<\/p>\n<p>En el <strong>Chelsea<\/strong>, Falcao va a coincidir con Diego Costa, con el que comparti\u00f3 vestuario en el Atl\u00e9tico de Madrid, siendo en gran cantidad de veces el colombiano el titular y el espa\u00f1ol suplente. <em>El Tigre<\/em> tambi\u00e9n coincidir\u00e1\u00a0con algunos conocidos m\u00e1s: Thibaut Courtois y Filipe Luis.<\/p>\n<p>El pasado curso Radamel Falcao estuvo mermado tanto en lo f\u00edsico como en su participaci\u00f3n con el Manchester United. Tras su lesi\u00f3n en la rodilla, al cafetalero le cost\u00f3 un mundo recuperar su nivel y con la escasa confianza de Van Gaal debido a su paup\u00e9rrimo nivel, el colombiano solo convirti\u00f3 4 goles en todas las competencias.<\/p>\n","protected":false},"excerpt":{"rendered":"<p>La firma del ariete colombiano se hizo oficial este viernes <\/p>\n","protected":false},"author":20,"featured_media":290509,"comment_status":"open","ping_status":"open","sticky":false,"template":"","format":"standard","meta":[],"categories":[5,3846],"tags":[5981,4902,640,4847],"_links":{"self":[{"href":"http:\/\/desarrollo.grupomedios.com\/futbol\/wp-json\/wp\/v2\/posts\/290464"}],"collection":[{"href":"http:\/\/desarrollo.grupomedios.com\/futbol\/wp-json\/wp\/v2\/posts"}],"about":[{"href":"http:\/\/desarrollo.grupomedios.com\/futbol\/wp-json\/wp\/v2\/types\/post"}],"author":[{"embeddable":true,"href":"http:\/\/desarrollo.grupomedios.com\/futbol\/wp-json\/wp\/v2\/users\/20"}],"replies":[{"embeddable":true,"href":"http:\/\/desarrollo.grupomedios.com\/futbol\/wp-json\/wp\/v2\/comments?post=290464"}],"version-history":[{"count":0,"href":"http:\/\/desarrollo.grupomedios.com\/futbol\/wp-json\/wp\/v2\/posts\/290464\/revisions"}],"wp:featuredmedia":[{"embeddable":true,"href":"http:\/\/desarrollo.grupomedios.com\/futbol\/wp-json\/wp\/v2\/media\/290509"}],"wp:attachment":[{"href":"http:\/\/desarrollo.grupomedios.com\/futbol\/wp-json\/wp\/v2\/media?parent=290464"}],"wp:term":[{"taxonomy":"category","embeddable":true,"href":"http:\/\/desarrollo.grupomedios.com\/futbol\/wp-json\/wp\/v2\/categories?post=290464"},{"taxonomy":"post_tag","embeddable":true,"href":"http:\/\/desarrollo.grupomedios.com\/futbol\/wp-json\/wp\/v2\/tags?post=290464"}],"curies":[{"name":"wp","href":"https:\/\/api.w.org\/{rel}","templated":true}]}}