{"id":290472,"date":"2015-07-03T10:01:04","date_gmt":"2015-07-03T15:01:04","guid":{"rendered":"http:\/\/futboltotal.com.mx\/?p=290472"},"modified":"2015-07-03T10:09:19","modified_gmt":"2015-07-03T15:09:19","slug":"inter-de-milan-concreta-fichaje-de-jeison-murillo","status":"publish","type":"post","link":"http:\/\/desarrollo.grupomedios.com\/futbol\/futbol-internacional\/inter-de-milan-concreta-fichaje-de-jeison-murillo\/2015\/07","title":{"rendered":"Inter de Mil\u00e1n concreta fichaje de Jeison Murillo"},"content":{"rendered":"<p>El futbolista de 23 a\u00f1os de edad, <strong>Jeison Murillo<\/strong>, cerr\u00f3 su traspaso con el <strong>Inter <\/strong>de la <em>Serie A<\/em>. La p\u00e1gina oficial del equipo club<em> nerozazurro\u00a0<\/em>inform\u00f3 que el fichaje del \u00a0colombiano qued\u00f3 sellado por cinco a\u00f1os.<\/p>\n<p>\u201cEstoy seguro de que <strong>Roberto Mancini<\/strong> sabr\u00e1 aprovechar sus cualidades y los aficionados se emocionar\u00e1n con \u00e9l y con su car\u00e1cter indomable\u201d, declar\u00f3 <strong>Erick Thohir<\/strong>, presidente del\u00a0Inter.<\/p>\n<p>Jeison Murillo, se despidi\u00f3 ayer de la afici\u00f3n de su ex equipo <strong>Granada <\/strong>con una emotiva carta, en la cual expres\u00f3 que su coraz\u00f3n siempre\u00a0estar\u00e1 con ellos.<\/p>\n<p>El defensa central, cerr\u00f3 la temporada con el conjunto espa\u00f1ol con 1,593 minutos en 19 cotejos. De acuerdo al portal <em>Transfermarkt<\/em>, la transacci\u00f3n del jugador al equipo italiano se cerr\u00f3 por una cifra de ocho millones de euros.<\/p>\n<p>Jeison Murillo, figura de la Copa Am\u00e9rica con la Selecci\u00f3n Colombia, jugar\u00e1 en el cuarto club de su carrera, luego de vestir la camiseta de C\u00e1diz, Uni\u00f3n Deportivo Las Palmas y Granada.<\/p>\n<p>&nbsp;<\/p>\n","protected":false},"excerpt":{"rendered":"<p>El colombiano ser\u00e1 jugador neroazurro por cinco a\u00f1os<\/p>\n","protected":false},"author":20,"featured_media":290478,"comment_status":"open","ping_status":"open","sticky":false,"template":"","format":"standard","meta":[],"categories":[3839,3844,3848],"tags":[227,5691],"_links":{"self":[{"href":"http:\/\/desarrollo.grupomedios.com\/futbol\/wp-json\/wp\/v2\/posts\/290472"}],"collection":[{"href":"http:\/\/desarrollo.grupomedios.com\/futbol\/wp-json\/wp\/v2\/posts"}],"about":[{"href":"http:\/\/desarrollo.grupomedios.com\/futbol\/wp-json\/wp\/v2\/types\/post"}],"author":[{"embeddable":true,"href":"http:\/\/desarrollo.grupomedios.com\/futbol\/wp-json\/wp\/v2\/users\/20"}],"replies":[{"embeddable":true,"href":"http:\/\/desarrollo.grupomedios.com\/futbol\/wp-json\/wp\/v2\/comments?post=290472"}],"version-history":[{"count":0,"href":"http:\/\/desarrollo.grupomedios.com\/futbol\/wp-json\/wp\/v2\/posts\/290472\/revisions"}],"wp:featuredmedia":[{"embeddable":true,"href":"http:\/\/desarrollo.grupomedios.com\/futbol\/wp-json\/wp\/v2\/media\/290478"}],"wp:attachment":[{"href":"http:\/\/desarrollo.grupomedios.com\/futbol\/wp-json\/wp\/v2\/media?parent=290472"}],"wp:term":[{"taxonomy":"category","embeddable":true,"href":"http:\/\/desarrollo.grupomedios.com\/futbol\/wp-json\/wp\/v2\/categories?post=290472"},{"taxonomy":"post_tag","embeddable":true,"href":"http:\/\/desarrollo.grupomedios.com\/futbol\/wp-json\/wp\/v2\/tags?post=290472"}],"curies":[{"name":"wp","href":"https:\/\/api.w.org\/{rel}","templated":true}]}}