{"id":290479,"date":"2015-07-03T10:36:55","date_gmt":"2015-07-03T15:36:55","guid":{"rendered":"http:\/\/futboltotal.com.mx\/?p=290479"},"modified":"2015-07-03T10:40:53","modified_gmt":"2015-07-03T15:40:53","slug":"polemico-comercial-de-la-juventus-con-payasos","status":"publish","type":"post","link":"http:\/\/desarrollo.grupomedios.com\/futbol\/videos\/polemico-comercial-de-la-juventus-con-payasos\/2015\/07","title":{"rendered":"Pol\u00e9mico comercial de la Juventus con payasos"},"content":{"rendered":"<p>Muchos comerciales env\u00edan un doble mensaje. Ese fue quiz\u00e1s el motivo de <strong>Adidas<\/strong> para generar su nuevo comercial en el que anuncia el uniforme de local que vestir\u00e1 la <strong>Juventus<\/strong> para la temporada 2015-2016, momentos despu\u00e9s de desprenderse de su vestimenta de payasos.<\/p>\n<p>Llama la atenci\u00f3n el slogan de la nueva campa\u00f1a &#8220;No clowns, just footballers&#8221; (&#8220;No payasos, s\u00f3lo futbolistas&#8221;), en un mensaje dirigido (de acuerdo a especialistas en el terreno) a su m\u00e1s grande rival en el terreno deportivo, Nike.<\/p>\n<p>Y es que el tetracampe\u00f3n italiano vestir\u00e1 a partir del pr\u00f3ximo curso con Adidas, dejando atr\u00e1s varios a\u00f1os ligado a Nike. \u00a0La marca alemana pareciera as\u00ed comparar a los jugadores con payasos por su antigua equipaci\u00f3n.<\/p>\n<p><iframe loading=\"lazy\" src=\"https:\/\/www.youtube.com\/embed\/v738xPT9P-8\" frameborder=\"0\" allowfullscreen><\/iframe><\/p>\n","protected":false},"excerpt":{"rendered":"<p>El promocional muestra el cambio de Nike para Adidas de manera singular<\/p>\n","protected":false},"author":20,"featured_media":290480,"comment_status":"open","ping_status":"open","sticky":false,"template":"","format":"standard","meta":[],"categories":[3848,4],"tags":[1560,5999,377,2127],"_links":{"self":[{"href":"http:\/\/desarrollo.grupomedios.com\/futbol\/wp-json\/wp\/v2\/posts\/290479"}],"collection":[{"href":"http:\/\/desarrollo.grupomedios.com\/futbol\/wp-json\/wp\/v2\/posts"}],"about":[{"href":"http:\/\/desarrollo.grupomedios.com\/futbol\/wp-json\/wp\/v2\/types\/post"}],"author":[{"embeddable":true,"href":"http:\/\/desarrollo.grupomedios.com\/futbol\/wp-json\/wp\/v2\/users\/20"}],"replies":[{"embeddable":true,"href":"http:\/\/desarrollo.grupomedios.com\/futbol\/wp-json\/wp\/v2\/comments?post=290479"}],"version-history":[{"count":0,"href":"http:\/\/desarrollo.grupomedios.com\/futbol\/wp-json\/wp\/v2\/posts\/290479\/revisions"}],"wp:featuredmedia":[{"embeddable":true,"href":"http:\/\/desarrollo.grupomedios.com\/futbol\/wp-json\/wp\/v2\/media\/290480"}],"wp:attachment":[{"href":"http:\/\/desarrollo.grupomedios.com\/futbol\/wp-json\/wp\/v2\/media?parent=290479"}],"wp:term":[{"taxonomy":"category","embeddable":true,"href":"http:\/\/desarrollo.grupomedios.com\/futbol\/wp-json\/wp\/v2\/categories?post=290479"},{"taxonomy":"post_tag","embeddable":true,"href":"http:\/\/desarrollo.grupomedios.com\/futbol\/wp-json\/wp\/v2\/tags?post=290479"}],"curies":[{"name":"wp","href":"https:\/\/api.w.org\/{rel}","templated":true}]}}