{"id":290493,"date":"2015-07-03T11:19:19","date_gmt":"2015-07-03T16:19:19","guid":{"rendered":"http:\/\/futboltotal.com.mx\/?p=290493"},"modified":"2015-07-03T11:41:14","modified_gmt":"2015-07-03T16:41:14","slug":"ruben-botta-seria-nuevo-jugador-del-pachuca","status":"publish","type":"post","link":"http:\/\/desarrollo.grupomedios.com\/futbol\/destacado-home\/ruben-botta-seria-nuevo-jugador-del-pachuca\/2015\/07","title":{"rendered":"Ruben Botta ser\u00eda nuevo jugador del Pachuca"},"content":{"rendered":"<p>El futbol mexicano ha contado con movimientos rimbombantes en este verano, varios de ellos reci\u00e9n desempacados de Europa. Casos como el de Javier Aquino,\u00a0Ikechukwu Uche, Andre Gignac, Funes Mori y otros m\u00e1s, se han convertido en una constante y un caso similar est\u00e1 a punto de confirmarse, pues de acuerdo a\u00a0reportes que surgen desde\u00a0Italia,\u00a0<strong>Ruben Botta ser\u00eda nuevo jugador del Pachuca<\/strong>.<\/p>\n<p>El mediocampista categor\u00eda 1990 se integrar\u00eda al <strong>Pachuca<\/strong> en los pr\u00f3ximos d\u00edas luego de contar con un acuerdo con el Inter, due\u00f1o de la carta del futbolista argentino, seg\u00fan indica el portal\u00a0<em>Gianluca Di Marzio<\/em>.<\/p>\n<p>El argentino es producto de las fuerzas b\u00e1sicas de Boca Juniors, sin embargo, debut\u00f3 en Primera Divisi\u00f3n con el Tigre de de su pa\u00eds. Sus buenas actuaciones lo trasladaron hasta la Serie A, donde form\u00f3 parte del Inter. Debido a la situaci\u00f3n a la baja del club en cuanto a lo futbol\u00edstico, R\u00faben Botta no logr\u00f3 consolidarse y fue cedido al Chievo en busca de su revalorizaci\u00f3n.<\/p>\n<p>En el conjunto de Verona se hizo de minutos y disput\u00f3 21 encuentros en liga, pero qued\u00f3 a deber y solo consum\u00f3 una asistencia y se fue en blanco en el apartado goleador.<\/p>\n<p>Botta ser\u00eda el noveno futbolista procedente de una liga europea que se integra a la Liga MX para la futura temporada.<\/p>\n<p><iframe loading=\"lazy\" src=\"https:\/\/www.youtube.com\/embed\/oJUSOBQ9C_E\" frameborder=\"0\" allowfullscreen=\"allowfullscreen\"><\/iframe><\/p>\n","protected":false},"excerpt":{"rendered":"<p>El mediocampista se convertir\u00e1 en otro refuerzo m\u00e1s procedente de Europa <\/p>\n","protected":false},"author":20,"featured_media":290494,"comment_status":"open","ping_status":"open","sticky":false,"template":"","format":"standard","meta":[],"categories":[5,3845],"tags":[640,5968,5692],"_links":{"self":[{"href":"http:\/\/desarrollo.grupomedios.com\/futbol\/wp-json\/wp\/v2\/posts\/290493"}],"collection":[{"href":"http:\/\/desarrollo.grupomedios.com\/futbol\/wp-json\/wp\/v2\/posts"}],"about":[{"href":"http:\/\/desarrollo.grupomedios.com\/futbol\/wp-json\/wp\/v2\/types\/post"}],"author":[{"embeddable":true,"href":"http:\/\/desarrollo.grupomedios.com\/futbol\/wp-json\/wp\/v2\/users\/20"}],"replies":[{"embeddable":true,"href":"http:\/\/desarrollo.grupomedios.com\/futbol\/wp-json\/wp\/v2\/comments?post=290493"}],"version-history":[{"count":0,"href":"http:\/\/desarrollo.grupomedios.com\/futbol\/wp-json\/wp\/v2\/posts\/290493\/revisions"}],"wp:featuredmedia":[{"embeddable":true,"href":"http:\/\/desarrollo.grupomedios.com\/futbol\/wp-json\/wp\/v2\/media\/290494"}],"wp:attachment":[{"href":"http:\/\/desarrollo.grupomedios.com\/futbol\/wp-json\/wp\/v2\/media?parent=290493"}],"wp:term":[{"taxonomy":"category","embeddable":true,"href":"http:\/\/desarrollo.grupomedios.com\/futbol\/wp-json\/wp\/v2\/categories?post=290493"},{"taxonomy":"post_tag","embeddable":true,"href":"http:\/\/desarrollo.grupomedios.com\/futbol\/wp-json\/wp\/v2\/tags?post=290493"}],"curies":[{"name":"wp","href":"https:\/\/api.w.org\/{rel}","templated":true}]}}