{"id":290544,"date":"2015-07-04T10:13:30","date_gmt":"2015-07-04T15:13:30","guid":{"rendered":"http:\/\/futboltotal.com.mx\/?p=290544"},"modified":"2015-07-04T10:16:24","modified_gmt":"2015-07-04T15:16:24","slug":"arda-turan-es-un-grandisimo-jugador-iniesta","status":"publish","type":"post","link":"http:\/\/desarrollo.grupomedios.com\/futbol\/futbol-internacional\/arda-turan-es-un-grandisimo-jugador-iniesta\/2015\/07","title":{"rendered":"\u201cArda Turan es un grand\u00edsimo jugador\u201d: Iniesta"},"content":{"rendered":"<p>El jugador del <strong>Barcelona<\/strong>, <strong>Andr\u00e9s Iniesta<\/strong>, expres\u00f3 que el turco <strong>Arda Turan<\/strong>, es un futbolista con un gran talento que tiene desequilibrio y puede aportar mucho al equipo con sus trazos. Las frases fueron vertidas por el canterano blaugrana tras los rumores que se\u00f1alan al turco como una de las que ser\u00e1n las nuevas caras del club para 2016.<\/p>\n<p>&#8220;Arda es un grand\u00edsimo jugador, de un talento y una calidad espectacular.\u00a0Todo lo que sea mejorar el equipo siempre es importante. Si finalmente viene, ser\u00e1 bienvenido. Vendr\u00e1 a sumar&#8221;, declar\u00f3 el espa\u00f1ol en entrevista realizada en <em>Sant Cugat.<\/em><\/p>\n<p><strong>Iniesta<\/strong> agreg\u00f3 que las comparaciones que se hacen entre <strong>Arda Turan<\/strong> y<strong> Xavi Hern\u00e1ndez<\/strong> no son adecuadas, ya que las posiciones que juegan y sus caracter\u00edsticas son parecidas, m\u00e1s no iguales.<\/p>\n<p>&#8220;Son jugadores diferentes. Arda, en el Atl\u00e9tico, no juega en esa posici\u00f3n pero tiene las caracter\u00edsticas para jugar de interior, es un centrocampista que combina muy bien, que entiende muy bien el juego, pero veremos lo que sucede&#8221;, sentenci\u00f3 Iniesta.<\/p>\n<p>Antes de la entrevista, el <em>Manchego<\/em> aprovech\u00f3 el tiempo de sus vacaciones para jugar con los j\u00f3venes que estaban entrenando en el campo Andr\u00e9s Iniesta de <em>Sant Cugat.<\/em> <em>\u00a0<\/em>Finalmente, cabe destacar que el jugador espa\u00f1ol se incorporar\u00e1 a los entrenamientos del cuadro <em>Cul\u00e9 <\/em>hasta el 13 de julio.<\/p>\n","protected":false},"excerpt":{"rendered":"<p>Andr\u00e9s destac\u00f3 que el futbolista turco sumar\u00eda beneficios a los azulgranas<\/p>\n","protected":false},"author":20,"featured_media":290683,"comment_status":"open","ping_status":"open","sticky":false,"template":"","format":"standard","meta":[],"categories":[3839,3844],"tags":[6055,5984,1293],"_links":{"self":[{"href":"http:\/\/desarrollo.grupomedios.com\/futbol\/wp-json\/wp\/v2\/posts\/290544"}],"collection":[{"href":"http:\/\/desarrollo.grupomedios.com\/futbol\/wp-json\/wp\/v2\/posts"}],"about":[{"href":"http:\/\/desarrollo.grupomedios.com\/futbol\/wp-json\/wp\/v2\/types\/post"}],"author":[{"embeddable":true,"href":"http:\/\/desarrollo.grupomedios.com\/futbol\/wp-json\/wp\/v2\/users\/20"}],"replies":[{"embeddable":true,"href":"http:\/\/desarrollo.grupomedios.com\/futbol\/wp-json\/wp\/v2\/comments?post=290544"}],"version-history":[{"count":0,"href":"http:\/\/desarrollo.grupomedios.com\/futbol\/wp-json\/wp\/v2\/posts\/290544\/revisions"}],"wp:featuredmedia":[{"embeddable":true,"href":"http:\/\/desarrollo.grupomedios.com\/futbol\/wp-json\/wp\/v2\/media\/290683"}],"wp:attachment":[{"href":"http:\/\/desarrollo.grupomedios.com\/futbol\/wp-json\/wp\/v2\/media?parent=290544"}],"wp:term":[{"taxonomy":"category","embeddable":true,"href":"http:\/\/desarrollo.grupomedios.com\/futbol\/wp-json\/wp\/v2\/categories?post=290544"},{"taxonomy":"post_tag","embeddable":true,"href":"http:\/\/desarrollo.grupomedios.com\/futbol\/wp-json\/wp\/v2\/tags?post=290544"}],"curies":[{"name":"wp","href":"https:\/\/api.w.org\/{rel}","templated":true}]}}