{"id":290603,"date":"2015-07-03T18:38:33","date_gmt":"2015-07-03T23:38:33","guid":{"rendered":"http:\/\/futboltotal.com.mx\/?p=290603"},"modified":"2015-07-03T18:38:33","modified_gmt":"2015-07-03T23:38:33","slug":"omar-govea-listo-para-encarar-reto-en-el-porto","status":"publish","type":"post","link":"http:\/\/desarrollo.grupomedios.com\/futbol\/futbol-internacional\/omar-govea-listo-para-encarar-reto-en-el-porto\/2015\/07","title":{"rendered":"Omar Govea, listo para encarar reto en el Porto"},"content":{"rendered":"<p>Con las sobresalientes actuaciones de H\u00e9ctor Herrera y Ra\u00fal Gudi\u00f1o, <strong>Porto<\/strong> no dud\u00f3 en volver a buscar prospectos a futuro en el futbol mexicano, donde termin\u00f3 por encontrar al canterano del <a href=\"http:\/\/futboltotal.com.mx\/equipos\/america\/\" target=\"_blank\"><strong>Am\u00e9rica<\/strong><\/a>, <strong>Omar Govea<\/strong>, quien arrib\u00f3 a Portugal para asumir su pr\u00f3ximo reto.<\/p>\n<p>&#8220;El <strong>Porto<\/strong> es el equipo m\u00e1s importante de Portugal. Es un gran club europeo y alcanzar el mejor equipo de Portugal es un sue\u00f1o para m\u00ed. Estoy muy motivado para mostrar mi futbol\u201d, coment\u00f3 el mediocampista <em>Maisfutbol<\/em>.<\/p>\n<p>El jugador de 19 a\u00f1os de edad tendr\u00e1 un a\u00f1o para demostrar su val\u00eda y con ello que los <em>Dragones<\/em> se decidan a comprar la totalidad de sus derechos deportivos.<\/p>\n<p>Desde el pasado Mundial Sub-17, <strong>Porto<\/strong> postr\u00f3 sus miradas sobre <strong>Omar Govea<\/strong>, quien al final termin\u00f3 por convencerlo y por tanto opt\u00f3 por llev\u00e1rselo en calidad de pr\u00e9stamo.<\/p>\n<p>La oportunidad de emprender el viaje al viejo continente se reforz\u00f3 gracias a la opini\u00f3n del portero Ra\u00fal Gudi\u00f1o, quien le aconsej\u00f3 al canterano <em>azulcrema<\/em> aceptar la propuesta de los portugueses: &#8220;Parec\u00eda muy buena persona y me habl\u00f3 muy bien del club. Estoy encantado de encontrar otro mexicano en Portugal. Mi intenci\u00f3n es que <strong>Porto<\/strong> me compre. Yo quiero estar aqu\u00ed muchos a\u00f1os&#8221;<\/p>\n","protected":false},"excerpt":{"rendered":"<p>&#8220;Estoy muy motivado para mostrar mi futbol&#8221;, coment\u00f3 el mediocampista<\/p>\n","protected":false},"author":20,"featured_media":290604,"comment_status":"open","ping_status":"open","sticky":false,"template":"","format":"standard","meta":[],"categories":[3839,3844],"tags":[5959,5612,1208],"_links":{"self":[{"href":"http:\/\/desarrollo.grupomedios.com\/futbol\/wp-json\/wp\/v2\/posts\/290603"}],"collection":[{"href":"http:\/\/desarrollo.grupomedios.com\/futbol\/wp-json\/wp\/v2\/posts"}],"about":[{"href":"http:\/\/desarrollo.grupomedios.com\/futbol\/wp-json\/wp\/v2\/types\/post"}],"author":[{"embeddable":true,"href":"http:\/\/desarrollo.grupomedios.com\/futbol\/wp-json\/wp\/v2\/users\/20"}],"replies":[{"embeddable":true,"href":"http:\/\/desarrollo.grupomedios.com\/futbol\/wp-json\/wp\/v2\/comments?post=290603"}],"version-history":[{"count":0,"href":"http:\/\/desarrollo.grupomedios.com\/futbol\/wp-json\/wp\/v2\/posts\/290603\/revisions"}],"wp:featuredmedia":[{"embeddable":true,"href":"http:\/\/desarrollo.grupomedios.com\/futbol\/wp-json\/wp\/v2\/media\/290604"}],"wp:attachment":[{"href":"http:\/\/desarrollo.grupomedios.com\/futbol\/wp-json\/wp\/v2\/media?parent=290603"}],"wp:term":[{"taxonomy":"category","embeddable":true,"href":"http:\/\/desarrollo.grupomedios.com\/futbol\/wp-json\/wp\/v2\/categories?post=290603"},{"taxonomy":"post_tag","embeddable":true,"href":"http:\/\/desarrollo.grupomedios.com\/futbol\/wp-json\/wp\/v2\/tags?post=290603"}],"curies":[{"name":"wp","href":"https:\/\/api.w.org\/{rel}","templated":true}]}}