{"id":290607,"date":"2015-07-03T18:49:22","date_gmt":"2015-07-03T23:49:22","guid":{"rendered":"http:\/\/futboltotal.com.mx\/?p=290607"},"modified":"2015-07-03T18:49:22","modified_gmt":"2015-07-03T23:49:22","slug":"eu-presenta-playera-de-la-independencia","status":"publish","type":"post","link":"http:\/\/desarrollo.grupomedios.com\/futbol\/futbol-internacional\/eu-presenta-playera-de-la-independencia\/2015\/07","title":{"rendered":"EU presenta playera de la Independencia"},"content":{"rendered":"<p>La selecci\u00f3n de <strong>Estados Unidos<\/strong>, present\u00f3 a trav\u00e9s de Twitter, un dise\u00f1o especial de su camiseta, con motivo de la celebraci\u00f3n de su Independencia, que se conmemora este 4 de Julio.<\/p>\n<blockquote class=\"twitter-tweet\" lang=\"es\">\n<p dir=\"ltr\" lang=\"en\">&#8216;MURICA! &#x1f1fa;&#x1f1f8; Check out these &#x1f525; stars and stripes unis that <a href=\"https:\/\/twitter.com\/hashtag\/USMNT?src=hash\">#USMNT<\/a> will sport in <a href=\"https:\/\/twitter.com\/hashtag\/USAvGUA?src=hash\">#USAvGUA<\/a>! <a href=\"http:\/\/t.co\/OZz5LEmKaN\">pic.twitter.com\/OZz5LEmKaN<\/a><\/p>\n<p>\u2014 120 Sports (@120Sports) <a href=\"https:\/\/twitter.com\/120Sports\/status\/617093374093361152\">julio 3, 2015<\/a><\/p><\/blockquote>\n<p><script src=\"\/\/platform.twitter.com\/widgets.js\" async=\"\" charset=\"utf-8\"><\/script><\/p>\n<p>Como homenaje y celebraci\u00f3n, la selecci\u00f3n de Estados Unidos present\u00f3 estas <em>casacas de Independencia<\/em>, para enfrentar a Guatemala, la tarde-noche de este viernes 3 de julio; \u00faltimo juego de ambos combinados, de cara a la Copa Oro 2015, que dar\u00e1 inicio el pr\u00f3ximo martes 7 de julio, con los juegos entre Panam\u00e1 y Hait\u00ed, y <strong>Estados Unidos<\/strong> contra Honduras.<\/p>\n","protected":false},"excerpt":{"rendered":"<p>El equipo de las barras y las estrellas, present\u00f3 nueva playera frente a Guatemala<\/p>\n","protected":false},"author":20,"featured_media":290613,"comment_status":"open","ping_status":"open","sticky":false,"template":"","format":"standard","meta":[],"categories":[3839],"tags":[1934,310,584],"_links":{"self":[{"href":"http:\/\/desarrollo.grupomedios.com\/futbol\/wp-json\/wp\/v2\/posts\/290607"}],"collection":[{"href":"http:\/\/desarrollo.grupomedios.com\/futbol\/wp-json\/wp\/v2\/posts"}],"about":[{"href":"http:\/\/desarrollo.grupomedios.com\/futbol\/wp-json\/wp\/v2\/types\/post"}],"author":[{"embeddable":true,"href":"http:\/\/desarrollo.grupomedios.com\/futbol\/wp-json\/wp\/v2\/users\/20"}],"replies":[{"embeddable":true,"href":"http:\/\/desarrollo.grupomedios.com\/futbol\/wp-json\/wp\/v2\/comments?post=290607"}],"version-history":[{"count":0,"href":"http:\/\/desarrollo.grupomedios.com\/futbol\/wp-json\/wp\/v2\/posts\/290607\/revisions"}],"wp:featuredmedia":[{"embeddable":true,"href":"http:\/\/desarrollo.grupomedios.com\/futbol\/wp-json\/wp\/v2\/media\/290613"}],"wp:attachment":[{"href":"http:\/\/desarrollo.grupomedios.com\/futbol\/wp-json\/wp\/v2\/media?parent=290607"}],"wp:term":[{"taxonomy":"category","embeddable":true,"href":"http:\/\/desarrollo.grupomedios.com\/futbol\/wp-json\/wp\/v2\/categories?post=290607"},{"taxonomy":"post_tag","embeddable":true,"href":"http:\/\/desarrollo.grupomedios.com\/futbol\/wp-json\/wp\/v2\/tags?post=290607"}],"curies":[{"name":"wp","href":"https:\/\/api.w.org\/{rel}","templated":true}]}}