{"id":290610,"date":"2015-07-03T18:51:56","date_gmt":"2015-07-03T23:51:56","guid":{"rendered":"http:\/\/futboltotal.com.mx\/?p=290610"},"modified":"2015-07-03T18:51:56","modified_gmt":"2015-07-03T23:51:56","slug":"roque-santa-cruz-tuvo-desgarre-muscular","status":"publish","type":"post","link":"http:\/\/desarrollo.grupomedios.com\/futbol\/futbol-mexicano\/roque-santa-cruz-tuvo-desgarre-muscular\/2015\/07","title":{"rendered":"Roque Santa Cruz tuvo desgarre muscular"},"content":{"rendered":"<p>El delantero <a href=\"http:\/\/futboltotal.com.mx\/2015\/06\/roque-santa-cruz-otra-vez-lesionado-2\/\" target=\"_blank\"><strong>Roque Santa Cruz<\/strong> sali\u00f3 lesionado en el partido de Copa Am\u00e9rica donde Argentina vapule\u00f3 6-1 a Paraguay<\/a>, tras los reportes m\u00e9dicos se dio a conocer que sufri\u00f3 un desgarre muscular.<\/p>\n<p>El tiempo de recuperaci\u00f3n de <strong>Santa Cruz<\/strong> ser\u00eda de dos a tres semanas, por lo que no tendr\u00eda problema de iniciar el Apertura 2015 de la <strong>Liga MX<\/strong>, pues <em>La M\u00e1quina<\/em> abre el 25 de julio contra Morelia.<\/p>\n<p>Alfonso Jim\u00e9nez, Jefe de los Servicios M\u00e9dicos de <strong>Cruz Azul,<\/strong> dio a conocer que los m\u00e9dicos de la selecci\u00f3n paraguaya le entregaron un reporte el cual indica que el delantero tiene un desgarre muscular en la cara posterior del m\u00fasculo semitendinoso del muslo derecho.<\/p>\n<p>\u201c<strong>Roque Santa Cruz,<\/strong> seguir\u00e1 siendo atendido por los galenos del combinado paraguayo y se avisar\u00e1 al Club el d\u00eda que se tiene contemplado el regreso del jugador a la ciudad de M\u00e9xico\u201d, dio a conocer el cuerpo m\u00e9dico del club.<\/p>\n<p>En su primer torneo con <strong>Cruz Azul,<\/strong>\u00a0<strong>Santa Cruz<\/strong>\u00a0paso semanas lesionado por un desgarre, mismo que lo llev\u00f3 a recaer en m\u00e1s de una ocasi\u00f3n, lo que provoc\u00f3 que solo viera acci\u00f3n en 10 duelos.<\/p>\n","protected":false},"excerpt":{"rendered":"<p>Podr\u00eda estar en el inicio de la Liga MX con Cruz Azul <\/p>\n","protected":false},"author":20,"featured_media":290615,"comment_status":"open","ping_status":"open","sticky":false,"template":"","format":"standard","meta":[],"categories":[2198,3845],"tags":[650],"_links":{"self":[{"href":"http:\/\/desarrollo.grupomedios.com\/futbol\/wp-json\/wp\/v2\/posts\/290610"}],"collection":[{"href":"http:\/\/desarrollo.grupomedios.com\/futbol\/wp-json\/wp\/v2\/posts"}],"about":[{"href":"http:\/\/desarrollo.grupomedios.com\/futbol\/wp-json\/wp\/v2\/types\/post"}],"author":[{"embeddable":true,"href":"http:\/\/desarrollo.grupomedios.com\/futbol\/wp-json\/wp\/v2\/users\/20"}],"replies":[{"embeddable":true,"href":"http:\/\/desarrollo.grupomedios.com\/futbol\/wp-json\/wp\/v2\/comments?post=290610"}],"version-history":[{"count":0,"href":"http:\/\/desarrollo.grupomedios.com\/futbol\/wp-json\/wp\/v2\/posts\/290610\/revisions"}],"wp:featuredmedia":[{"embeddable":true,"href":"http:\/\/desarrollo.grupomedios.com\/futbol\/wp-json\/wp\/v2\/media\/290615"}],"wp:attachment":[{"href":"http:\/\/desarrollo.grupomedios.com\/futbol\/wp-json\/wp\/v2\/media?parent=290610"}],"wp:term":[{"taxonomy":"category","embeddable":true,"href":"http:\/\/desarrollo.grupomedios.com\/futbol\/wp-json\/wp\/v2\/categories?post=290610"},{"taxonomy":"post_tag","embeddable":true,"href":"http:\/\/desarrollo.grupomedios.com\/futbol\/wp-json\/wp\/v2\/tags?post=290610"}],"curies":[{"name":"wp","href":"https:\/\/api.w.org\/{rel}","templated":true}]}}