{"id":290670,"date":"2015-07-04T09:54:13","date_gmt":"2015-07-04T14:54:13","guid":{"rendered":"http:\/\/futboltotal.com.mx\/?p=290670"},"modified":"2015-07-04T10:07:02","modified_gmt":"2015-07-04T15:07:02","slug":"llaman-pedazo-de-mierda-a-zlatan-ibrahimovic","status":"publish","type":"post","link":"http:\/\/desarrollo.grupomedios.com\/futbol\/futbol-internacional\/llaman-pedazo-de-mierda-a-zlatan-ibrahimovic\/2015\/07","title":{"rendered":"Llaman pedazo de mierda a Zlatan Ibrahimovic"},"content":{"rendered":"<p>&#8220;Intento evitar ser Zlatan, pero no es f\u00e1cil&#8221;. Por declaraciones as\u00ed, <strong>Ibrahimovic<\/strong> es un personaje siempre inmerso en la pol\u00e9mica. Su calidad dentro del campo se encuentra fuera de cualquier duda, sin embargo, al posarse frente a un micr\u00f3fono, estalla y es el momento en que solo existen dos opiniones para \u00e9l: o lo amas o lo odias.<\/p>\n<p>Fue as\u00ed que el exguitarrista del grupo brit\u00e1nico Oasis, <strong>Noel Gallagher<\/strong>, aprovech\u00f3 la presencia del medio sueco <em>Aftonbladet<\/em> para hacer sentir su pensar sobre el crack del PSG. &#8220;Este tipo es un jodido imb\u00e9cil, no me gusta nada de \u00e9l, es un aut\u00e9ntico pedazo de mierda&#8221; dijo sin tapujos sobre Ibrahimovic.<\/p>\n<p><a href=\"http:\/\/futboltotal.com.mx\/wp-content\/uploads\/2015\/07\/noelgallagher.jpg\"><img decoding=\"async\" loading=\"lazy\" class=\"alignnone size-full wp-image-290681\" src=\"http:\/\/futboltotal.com.mx\/wp-content\/uploads\/2015\/07\/noelgallagher.jpg\" alt=\"noelgallagher\" srcset=\"http:\/\/desarrollo.grupomedios.com\/futbol\/wp-content\/uploads\/2015\/07\/noelgallagher.jpg 1187w, http:\/\/desarrollo.grupomedios.com\/futbol\/wp-content\/uploads\/2015\/07\/noelgallagher-300x213.jpg 300w, http:\/\/desarrollo.grupomedios.com\/futbol\/wp-content\/uploads\/2015\/07\/noelgallagher-1024x728.jpg 1024w\" sizes=\"(max-width: 1187px) 100vw, 1187px\" \/><\/a><\/p>\n<p>Adem\u00e1s de todo, sali\u00f3 en todo el enredo su hermano Liam con quien lleva una p\u00e9sima relaci\u00f3n. &#8220;Es como mi hermano, un t\u00edo que habla mucho pero que no sabe lo que dice, tiene la boca demasiado grande&#8221;, sentenci\u00f3.<\/p>\n<p>No es la primera vez que la pol\u00e9mica acompa\u00f1a a Gallagher. En una ocasi\u00f3n, por ejemplo, fue noticia despu\u00e9s de firmar una curiosa dedicatoria en una guitarra al ex del Manchester United y la selecci\u00f3n inglesa, Gary Neville. Por otro lado, en m\u00e1s de una ocasi\u00f3n ha declarado su admiraci\u00f3n incondicional a Jos\u00e9 Mourinho y al delantero del Barcelona Lionel Messi.<\/p>\n","protected":false},"excerpt":{"rendered":"<p>Odiado u amado es el crack sueco, esta vez Noel Gallagher insult\u00f3 al futbolista del PSG <\/p>\n","protected":false},"author":20,"featured_media":290673,"comment_status":"open","ping_status":"open","sticky":false,"template":"","format":"standard","meta":[],"categories":[5419,3839,3844],"tags":[2264,5697,2315],"_links":{"self":[{"href":"http:\/\/desarrollo.grupomedios.com\/futbol\/wp-json\/wp\/v2\/posts\/290670"}],"collection":[{"href":"http:\/\/desarrollo.grupomedios.com\/futbol\/wp-json\/wp\/v2\/posts"}],"about":[{"href":"http:\/\/desarrollo.grupomedios.com\/futbol\/wp-json\/wp\/v2\/types\/post"}],"author":[{"embeddable":true,"href":"http:\/\/desarrollo.grupomedios.com\/futbol\/wp-json\/wp\/v2\/users\/20"}],"replies":[{"embeddable":true,"href":"http:\/\/desarrollo.grupomedios.com\/futbol\/wp-json\/wp\/v2\/comments?post=290670"}],"version-history":[{"count":0,"href":"http:\/\/desarrollo.grupomedios.com\/futbol\/wp-json\/wp\/v2\/posts\/290670\/revisions"}],"wp:featuredmedia":[{"embeddable":true,"href":"http:\/\/desarrollo.grupomedios.com\/futbol\/wp-json\/wp\/v2\/media\/290673"}],"wp:attachment":[{"href":"http:\/\/desarrollo.grupomedios.com\/futbol\/wp-json\/wp\/v2\/media?parent=290670"}],"wp:term":[{"taxonomy":"category","embeddable":true,"href":"http:\/\/desarrollo.grupomedios.com\/futbol\/wp-json\/wp\/v2\/categories?post=290670"},{"taxonomy":"post_tag","embeddable":true,"href":"http:\/\/desarrollo.grupomedios.com\/futbol\/wp-json\/wp\/v2\/tags?post=290670"}],"curies":[{"name":"wp","href":"https:\/\/api.w.org\/{rel}","templated":true}]}}