{"id":290708,"date":"2015-07-04T11:33:59","date_gmt":"2015-07-04T16:33:59","guid":{"rendered":"http:\/\/futboltotal.com.mx\/?p=290708"},"modified":"2015-07-04T11:34:55","modified_gmt":"2015-07-04T16:34:55","slug":"santi-mina-nuevo-jugador-del-valencia","status":"publish","type":"post","link":"http:\/\/desarrollo.grupomedios.com\/futbol\/futbol-internacional\/santi-mina-nuevo-jugador-del-valencia\/2015\/07","title":{"rendered":"Santi Mina, nuevo jugador del Valencia"},"content":{"rendered":"<p>El mercado de fichajes cada d\u00eda se mueve m\u00e1s y los equipos que tendr\u00e1n participaci\u00f3n en Europa son los m\u00e1s activos. Es el caso del Valencia, que participar\u00e1 en Champions League y necesita ampliar su plantilla y agregarle calidad, es por ello que el s\u00e1bado confirmaron el fichaje de la joya espa\u00f1ola, Santi Mina. <\/p>\n<p>El futbolista de 19 a\u00f1os cerr\u00f3 un contrato por seis temporadas, mismo que finaliza hasta el 30 de junio de 2021, despu\u00e9s de haber superado en Valencia la pertinente revisi\u00f3n m\u00e9dica.<\/p>\n<blockquote class=\"twitter-tweet\" lang=\"es\">\n<p lang=\"es\" dir=\"ltr\">COMUNICADO OFICIAL &#8211; Santi Mina, nuevo jugador valencianista <a href=\"http:\/\/t.co\/UxSCN3qWa0\">http:\/\/t.co\/UxSCN3qWa0<\/a> <a href=\"http:\/\/t.co\/j6lkfWrPxj\">pic.twitter.com\/j6lkfWrPxj<\/a><\/p>\n<p>&mdash; Valencia CF (@valenciacf) <a href=\"https:\/\/twitter.com\/valenciacf\/status\/617340631782948865\">julio 4, 2015<\/a><\/p><\/blockquote>\n<p><script async src=\"\/\/platform.twitter.com\/widgets.js\" charset=\"utf-8\"><\/script><\/p>\n<p>Santi Mina debut\u00f3 en Primera Divisi\u00f3n en febrero de 2013 y la pasada temporada anot\u00f3 siete goles en la Liga Espa\u00f1ola y 2 goles en la Copa del Rey. El habilidoso futbolista es producto de la cantera del Celta y se mostr\u00f3 muy contento con el acuerdo. <\/p>\n<p>&#8220;Estoy como en un sue\u00f1o, llegar a un gran club como el Valencia tan joven no es f\u00e1cil, s\u00e9 la responsabilidad que tengo. Voy a luchar cada d\u00eda por devolver la confianza del Valencia y mi objetivo es ayudar a mis compa\u00f1eros y al entrenador a seguir siendo uno de los mejores equipos de Espa\u00f1a&#8221;, relat\u00f3 a la web oficial del club.<\/p>\n<p>Santi, record\u00f3 con mucho aprecio al Celta, entidad que le abri\u00f3 el camino al profesionalismo. &#8220;Dejo un club que me lo ha dado todo y a la afici\u00f3n celtista que me ha hecho sentir muy feliz, siempre los recordar\u00e9. Ahora en el Valencia s\u00e9 tambi\u00e9n que su afici\u00f3n es incre\u00edble, una de las m\u00e1s fieles del mundo, y que nunca deja de animar. Estoy deseando jugar en Mestalla y esforzarme por devolver el cari\u00f1o que dan a todos los jugadores&#8221;, indic\u00f3.<\/p>\n<p>La Presidenta del Valencia, Lay Hoon Chan, mostr\u00f3 su gran alegr\u00eda por este fichaje y precis\u00f3 que todo es parte de la nueva pol\u00edtica para adquirir j\u00f3venes talentos. <\/p>\n<p>&#8220;Santi Mina es reconocido como uno de los m\u00e1s prometedores jugadores espa\u00f1oles y ya tiene experiencia jugando en la Liga. Estamos seguros que dejar\u00e1 huella y aportar\u00e1 cosas al equipo&#8221;, acot\u00f3. &#8220;Nuestro proyecto en Valencia es a largo plazo y un jugador joven como Santi nos ayudar\u00e1 a construir nuestro equipo para afrontar grandes retos en las pr\u00f3ximas temporadas&#8221;, sentenci\u00f3 Lay Hoon.<\/p>\n<p><strong>As\u00ed juega Santi Mina:<\/strong><\/p>\n<p><iframe loading=\"lazy\" src=\"https:\/\/www.youtube.com\/embed\/hGwb5o0HTS8\" frameborder=\"0\" allowfullscreen><\/iframe><\/p>\n","protected":false},"excerpt":{"rendered":"<p>Con 19 a\u00f1os, el espa\u00f1ol tiene un reto enorme en el futuro <\/p>\n","protected":false},"author":20,"featured_media":290709,"comment_status":"open","ping_status":"open","sticky":false,"template":"","format":"standard","meta":[],"categories":[3839,3844],"tags":[640,5698,87],"_links":{"self":[{"href":"http:\/\/desarrollo.grupomedios.com\/futbol\/wp-json\/wp\/v2\/posts\/290708"}],"collection":[{"href":"http:\/\/desarrollo.grupomedios.com\/futbol\/wp-json\/wp\/v2\/posts"}],"about":[{"href":"http:\/\/desarrollo.grupomedios.com\/futbol\/wp-json\/wp\/v2\/types\/post"}],"author":[{"embeddable":true,"href":"http:\/\/desarrollo.grupomedios.com\/futbol\/wp-json\/wp\/v2\/users\/20"}],"replies":[{"embeddable":true,"href":"http:\/\/desarrollo.grupomedios.com\/futbol\/wp-json\/wp\/v2\/comments?post=290708"}],"version-history":[{"count":0,"href":"http:\/\/desarrollo.grupomedios.com\/futbol\/wp-json\/wp\/v2\/posts\/290708\/revisions"}],"wp:featuredmedia":[{"embeddable":true,"href":"http:\/\/desarrollo.grupomedios.com\/futbol\/wp-json\/wp\/v2\/media\/290709"}],"wp:attachment":[{"href":"http:\/\/desarrollo.grupomedios.com\/futbol\/wp-json\/wp\/v2\/media?parent=290708"}],"wp:term":[{"taxonomy":"category","embeddable":true,"href":"http:\/\/desarrollo.grupomedios.com\/futbol\/wp-json\/wp\/v2\/categories?post=290708"},{"taxonomy":"post_tag","embeddable":true,"href":"http:\/\/desarrollo.grupomedios.com\/futbol\/wp-json\/wp\/v2\/tags?post=290708"}],"curies":[{"name":"wp","href":"https:\/\/api.w.org\/{rel}","templated":true}]}}