{"id":290719,"date":"2015-07-04T13:07:00","date_gmt":"2015-07-04T18:07:00","guid":{"rendered":"http:\/\/futboltotal.com.mx\/?p=290719"},"modified":"2015-07-04T13:15:14","modified_gmt":"2015-07-04T18:15:14","slug":"pedro-seria-jugador-premier","status":"publish","type":"post","link":"http:\/\/desarrollo.grupomedios.com\/futbol\/futbol-internacional\/pedro-seria-jugador-premier\/2015\/07","title":{"rendered":"Pedro, en el radar de Liverpool y Arsenal"},"content":{"rendered":"<p>El artillero del <strong>Barcelona<\/strong>, <strong>Pedro Rodr\u00edguez<\/strong>, jugar\u00eda la siguiente temporada en la <strong>Premier League.<\/strong> Su nombre suena como refuerzo para el <strong>Arsenal<\/strong> o el <strong>Liverpool.<\/strong><\/p>\n<p>El jugador <em>blaugrana\u00a0<\/em>renov\u00f3 contrato con su escuadra hasta junio del 2019, sin embargo, la falta de continuidad ante uno de los mejores tridentes de la historia han hecho que el <em>canario<\/em> reflexione sobre cu\u00e1l ser\u00e1 su futuro.<\/p>\n<p>En esta temporada, <strong>Pedro<\/strong> tuvo participaci\u00f3n en 34 jornadas, a pesar de ello, sus minutos no son muy amplios, 1,544 en los que solo pudo completar\u00a0ocho partidos completos de liga.<\/p>\n<p>En caso de que decida emigrar al futbol ingl\u00e9s, el <strong>Liverpool<\/strong> es el plantel que le interesa. La raz\u00f3n se debe a que considera que el conjunto de <strong>Anfield<\/strong> es el que m\u00e1s respeta el estilo de esa liga y en el podr\u00eda aportar m\u00e1s\u00a0de su estilo de juego y por supuesto, contar\u00eda con m\u00e1s participaci\u00f3n.<\/p>\n<p>Ante el posible traspaso del extremo Sterling al Chelsea o al Bayern M\u00fanich, el estratega de los <em>Reds<\/em>, <strong>Brendan Rodgers<\/strong>, encontrar\u00eda al sustituto ideal con la llegada del espa\u00f1ol.<\/p>\n<p>En lo que refiere al Arsenal, tras no poder comprar al turco Arda Turan, el t\u00e9cnico Ars\u00e8ne Wenger,\u00a0 buscar\u00e1 sellar el fichaje de\u00a0<em>Pedrito<\/em>\u00a0con una fuerte suma de euros. El proyecto del timonel es darle a la afici\u00f3n g<em>unner<\/em> un goleador que conecte con ellos, un caso similar al de Alexis S\u00e1nchez.<\/p>\n","protected":false},"excerpt":{"rendered":"<p>Su nombre suena en la \u00f3rbita del Liverpool y el Arsenal<\/p>\n","protected":false},"author":20,"featured_media":290729,"comment_status":"open","ping_status":"open","sticky":false,"template":"","format":"standard","meta":[],"categories":[3839,3844],"tags":[5984,640,4847,3396],"_links":{"self":[{"href":"http:\/\/desarrollo.grupomedios.com\/futbol\/wp-json\/wp\/v2\/posts\/290719"}],"collection":[{"href":"http:\/\/desarrollo.grupomedios.com\/futbol\/wp-json\/wp\/v2\/posts"}],"about":[{"href":"http:\/\/desarrollo.grupomedios.com\/futbol\/wp-json\/wp\/v2\/types\/post"}],"author":[{"embeddable":true,"href":"http:\/\/desarrollo.grupomedios.com\/futbol\/wp-json\/wp\/v2\/users\/20"}],"replies":[{"embeddable":true,"href":"http:\/\/desarrollo.grupomedios.com\/futbol\/wp-json\/wp\/v2\/comments?post=290719"}],"version-history":[{"count":0,"href":"http:\/\/desarrollo.grupomedios.com\/futbol\/wp-json\/wp\/v2\/posts\/290719\/revisions"}],"wp:featuredmedia":[{"embeddable":true,"href":"http:\/\/desarrollo.grupomedios.com\/futbol\/wp-json\/wp\/v2\/media\/290729"}],"wp:attachment":[{"href":"http:\/\/desarrollo.grupomedios.com\/futbol\/wp-json\/wp\/v2\/media?parent=290719"}],"wp:term":[{"taxonomy":"category","embeddable":true,"href":"http:\/\/desarrollo.grupomedios.com\/futbol\/wp-json\/wp\/v2\/categories?post=290719"},{"taxonomy":"post_tag","embeddable":true,"href":"http:\/\/desarrollo.grupomedios.com\/futbol\/wp-json\/wp\/v2\/tags?post=290719"}],"curies":[{"name":"wp","href":"https:\/\/api.w.org\/{rel}","templated":true}]}}