{"id":290757,"date":"2015-07-04T14:35:15","date_gmt":"2015-07-04T19:35:15","guid":{"rendered":"http:\/\/futboltotal.com.mx\/?p=290757"},"modified":"2015-07-04T14:35:35","modified_gmt":"2015-07-04T19:35:35","slug":"hulk-rompe-pared-tras-perder-en-los-videojuegos","status":"publish","type":"post","link":"http:\/\/desarrollo.grupomedios.com\/futbol\/videos\/hulk-rompe-pared-tras-perder-en-los-videojuegos\/2015\/07","title":{"rendered":"Hulk rompe pared tras perder en los videojuegos"},"content":{"rendered":"<p><strong>Hulk<\/strong> se est\u00e1 volviendo una celebridad para el Zenit. No solo por sus actuaciones en la cancha, ahora m\u00e1s que nada lo hace por las apariciones en el canal de <em>Youtube<\/em> del equipo de San Petesburgo. <\/p>\n<p>El primer promocional de la serie mostr\u00f3 a un <a href=\"http:\/\/futboltotal.com.mx\/2015\/06\/la-potencia-de-hulk-hace-volar-al-portero\/\">Hulk pateando con tal potencia la pelota<\/a> que envi\u00f3 a su portero a las redes. Para el siguiente, el brasile\u00f1o destroz\u00f3 la esf\u00e9rica luego de <a href=\"http:\/\/futboltotal.com.mx\/2015\/06\/hulk-destroza-el-balon-con-su-potencia\/\">golpearla con su zurda fort\u00edsima<\/a>. Y en esta \u00faltima entrega, se visualiza a varios elementos de la plantilla del Zenit checando un duelo entre Hulk y Witsel de futbol virtual. Al recibir un gol, el brasile\u00f1o se enfurece y destroza la pared al lanzar su control con un poder descomunal. <\/p>\n<p><iframe loading=\"lazy\" src=\"https:\/\/www.youtube.com\/embed\/jnwXVrNINWk\" frameborder=\"0\" allowfullscreen><\/iframe><\/p>\n","protected":false},"excerpt":{"rendered":"<p>El brasile\u00f1o sigue mostrando sus poderes en los videos del Zenit<\/p>\n","protected":false},"author":20,"featured_media":290762,"comment_status":"open","ping_status":"open","sticky":false,"template":"","format":"standard","meta":[],"categories":[4],"tags":[361,817,6064],"_links":{"self":[{"href":"http:\/\/desarrollo.grupomedios.com\/futbol\/wp-json\/wp\/v2\/posts\/290757"}],"collection":[{"href":"http:\/\/desarrollo.grupomedios.com\/futbol\/wp-json\/wp\/v2\/posts"}],"about":[{"href":"http:\/\/desarrollo.grupomedios.com\/futbol\/wp-json\/wp\/v2\/types\/post"}],"author":[{"embeddable":true,"href":"http:\/\/desarrollo.grupomedios.com\/futbol\/wp-json\/wp\/v2\/users\/20"}],"replies":[{"embeddable":true,"href":"http:\/\/desarrollo.grupomedios.com\/futbol\/wp-json\/wp\/v2\/comments?post=290757"}],"version-history":[{"count":0,"href":"http:\/\/desarrollo.grupomedios.com\/futbol\/wp-json\/wp\/v2\/posts\/290757\/revisions"}],"wp:featuredmedia":[{"embeddable":true,"href":"http:\/\/desarrollo.grupomedios.com\/futbol\/wp-json\/wp\/v2\/media\/290762"}],"wp:attachment":[{"href":"http:\/\/desarrollo.grupomedios.com\/futbol\/wp-json\/wp\/v2\/media?parent=290757"}],"wp:term":[{"taxonomy":"category","embeddable":true,"href":"http:\/\/desarrollo.grupomedios.com\/futbol\/wp-json\/wp\/v2\/categories?post=290757"},{"taxonomy":"post_tag","embeddable":true,"href":"http:\/\/desarrollo.grupomedios.com\/futbol\/wp-json\/wp\/v2\/tags?post=290757"}],"curies":[{"name":"wp","href":"https:\/\/api.w.org\/{rel}","templated":true}]}}