{"id":291025,"date":"2015-07-05T11:27:56","date_gmt":"2015-07-05T16:27:56","guid":{"rendered":"http:\/\/futboltotal.com.mx\/?p=291025"},"modified":"2015-07-05T12:09:27","modified_gmt":"2015-07-05T17:09:27","slug":"barcelona-ofrece-41-millones-de-euros-por-arda","status":"publish","type":"post","link":"http:\/\/desarrollo.grupomedios.com\/futbol\/futbol-internacional\/barcelona-ofrece-41-millones-de-euros-por-arda\/2015\/07","title":{"rendered":"Barcelona ofrece 41 millones de euros por Arda Turan"},"content":{"rendered":"<p>El <strong>Barcelona<\/strong> ha puesto las cifras claras sobre la mesa y solo es cuesti\u00f3n de que el <strong>Atl\u00e9tico de Madrid<\/strong> decida cu\u00e1l ser\u00e1 el futuro del futbolista turco, <strong>Arda Turan<\/strong>.\u00a0El club <em>blaugrana,<\/em>\u00a0ofreci\u00f3\u00a034 millones de euros y siete m\u00e1s en variables para cerrar el fichaje del jugador<em>\u00a0turco.<\/em><\/p>\n<p>A pesar de que la cl\u00e1usula de rescisi\u00f3n de Arda est\u00e1 valorada en 41 millones de euros, la presi\u00f3n del futbolista por salir del equipo han reducido este margen, no obstante, los <em>azulgranas<\/em> podr\u00edan terminar pagando el total ya que Arda Turan es una pieza indispensable en el nuevo proyecto de<strong> Luis Enrique.<\/strong><\/p>\n<p><strong>Barcelona<\/strong>, est\u00e1 dispuesto a pagar 34 millones de euros en una exhibici\u00f3n, los siete restantes depender\u00e1n del desarrollo del mediocampista\u00a0bajo las \u00f3rdenes de <em>Lucho.<\/em> El pago consiste en que el turco debe consolidarse como titular de la Liga y adem\u00e1s su trayectoria debe colocarlo en cuartos de final y semifinal de la Champions League.<\/p>\n<p>Las vacaciones de Arda han concluido, y se espera que ma\u00f1ana regrese a los entrenamientos, sin embargo, su futuro a\u00fan es incierto, por lo que en pr\u00f3ximas horas sabremos con que club entrenar\u00e1. El rotativo, <em>Mundo <\/em>D<em>eportivo\u00a0<\/em>indic\u00f3 que Arda tendr\u00e1 hoy una reuni\u00f3n con su representante (Ahmet Bulut) para saber c\u00f3mo van los procesos en lo referente a conversaciones entre equipos.<\/p>\n<p>Finalmente, cabe destacar que esta informaci\u00f3n hecha por el medio espa\u00f1ol fue confirmada con un mensaje del futbolista publicado a trav\u00e9s de su cuenta oficial de Instagram.<\/p>\n<p>\u201cMe voy a ver a mi amigo Ahmet Bulut, (eco en todas partes)&#8221;.<\/p>\n<blockquote class=\"instagram-media\" style=\"background: #FFF; border: 0; border-radius: 3px; box-shadow: 0 0 1px 0 rgba(0,0,0,0.5),0 1px 10px 0 rgba(0,0,0,0.15); margin: 1px; max-width: 658px; padding: 0; width: calc(100% - 2px);\" data-instgrm-captioned=\"\" data-instgrm-version=\"4\">\n<div style=\"padding: 8px;\">\n<div style=\"background: #F8F8F8; line-height: 0; margin-top: 40px; padding: 50% 0; text-align: center; width: 100%;\"><\/div>\n<p style=\"margin: 8px 0 0 0; padding: 0 4px;\"><a style=\"color: #000; font-family: Arial,sans-serif; font-size: 14px; font-style: normal; font-weight: normal; line-height: 17px; text-decoration: none; word-wrap: break-word;\" href=\"https:\/\/instagram.com\/p\/4tmN8vHMej\/\" target=\"_top\">Nice senelere benim aslan yol arkadas\u0131m #ahmetbulut (eko yine heryerde )<\/a><\/p>\n<p style=\"color: #c9c8cd; font-family: Arial,sans-serif; font-size: 14px; line-height: 17px; margin-bottom: 0; margin-top: 8px; overflow: hidden; padding: 8px 0 7px; text-align: center; text-overflow: ellipsis; white-space: nowrap;\">Una foto publicada por Arda Turan (@ardaturan10line) el <time style=\"font-family: Arial,sans-serif; font-size: 14px; line-height: 17px;\" datetime=\"2015-07-04T11:24:52+00:00\">4 de Jul de 2015 a la(s) 4:24 PDT<\/time><\/p>\n<\/div>\n<\/blockquote>\n<p><script src=\"\/\/platform.instagram.com\/en_US\/embeds.js\" async=\"\" defer=\"defer\"><\/script><\/p>\n<p>&nbsp;<\/p>\n<p>&nbsp;<\/p>\n","protected":false},"excerpt":{"rendered":"<p>34 millones de euros y siete en variables ofrece la escuadra blaugrana<\/p>\n","protected":false},"author":20,"featured_media":291028,"comment_status":"open","ping_status":"open","sticky":false,"template":"","format":"standard","meta":[],"categories":[3839,3844],"tags":[6055,6007,5984],"_links":{"self":[{"href":"http:\/\/desarrollo.grupomedios.com\/futbol\/wp-json\/wp\/v2\/posts\/291025"}],"collection":[{"href":"http:\/\/desarrollo.grupomedios.com\/futbol\/wp-json\/wp\/v2\/posts"}],"about":[{"href":"http:\/\/desarrollo.grupomedios.com\/futbol\/wp-json\/wp\/v2\/types\/post"}],"author":[{"embeddable":true,"href":"http:\/\/desarrollo.grupomedios.com\/futbol\/wp-json\/wp\/v2\/users\/20"}],"replies":[{"embeddable":true,"href":"http:\/\/desarrollo.grupomedios.com\/futbol\/wp-json\/wp\/v2\/comments?post=291025"}],"version-history":[{"count":0,"href":"http:\/\/desarrollo.grupomedios.com\/futbol\/wp-json\/wp\/v2\/posts\/291025\/revisions"}],"wp:featuredmedia":[{"embeddable":true,"href":"http:\/\/desarrollo.grupomedios.com\/futbol\/wp-json\/wp\/v2\/media\/291028"}],"wp:attachment":[{"href":"http:\/\/desarrollo.grupomedios.com\/futbol\/wp-json\/wp\/v2\/media?parent=291025"}],"wp:term":[{"taxonomy":"category","embeddable":true,"href":"http:\/\/desarrollo.grupomedios.com\/futbol\/wp-json\/wp\/v2\/categories?post=291025"},{"taxonomy":"post_tag","embeddable":true,"href":"http:\/\/desarrollo.grupomedios.com\/futbol\/wp-json\/wp\/v2\/tags?post=291025"}],"curies":[{"name":"wp","href":"https:\/\/api.w.org\/{rel}","templated":true}]}}