{"id":291039,"date":"2015-07-05T12:51:50","date_gmt":"2015-07-05T17:51:50","guid":{"rendered":"http:\/\/futboltotal.com.mx\/?p=291039"},"modified":"2015-07-05T12:55:37","modified_gmt":"2015-07-05T17:55:37","slug":"representante-de-gotze-estalla-con-guardiola","status":"publish","type":"post","link":"http:\/\/desarrollo.grupomedios.com\/futbol\/futbol-internacional\/representante-de-gotze-estalla-con-guardiola\/2015\/07","title":{"rendered":"Representante de G\u00f6tze estalla con Guardiola"},"content":{"rendered":"<p><strong>Volker Struth<\/strong>, representante del futbolista del <strong>Bayern M\u00fanich<\/strong>,<strong> Mario G\u00f6tze, <\/strong>critic\u00f3 severamente las decisiones que ha tomado el estratega <strong>Pep Guardiola<\/strong> con su jugador, afirmando que las acciones del espa\u00f1ol est\u00e1n destruyendo su carrera.<\/p>\n<p>&#8220;Lo ha destruido, es normal que un chico de su edad quiera jugar. Mario decidi\u00f3 quedarse en el Bayern para jugar este tipo de partidos y ganar. Pero siente que el entrenador no conf\u00eda en \u00e9l y en cambio le pide que cuando entre en el campo sea decisivo&#8221;<strong>, <\/strong>declar\u00f3 Struth para el medio alem\u00e1n <em>Bild.<\/em><\/p>\n<p>La declaraci\u00f3n de Volker se basa\u00a0 en que a pesar de que el jugador disput\u00f3 32 de los 34 partidos de la <strong>Bundesliga<\/strong>, no le fueron suficientes para demostrar la calidad con la que cuenta su futbolista, y considera que <strong>Guardiola <\/strong>solo utiliza a <strong>G\u00f6tze <\/strong>en los partidos f\u00e1ciles y no en los decisivos.<\/p>\n<p>&#8220;Lo que me sorprende es que Guardiola no haya tenido a Mario en consideraci\u00f3n para partidos importantes, como la semifinal de la Copa de Alemania o la de Champions&#8221;, concluy\u00f3 el agente.<\/p>\n<p><strong>Mario<\/strong> <strong>G\u00f6tze<\/strong> termin\u00f3 la campa\u00f1a disputando 48 partidos oficiales de 52, logr\u00f3 marcar 15 goles y realizar sietes asistencias, no obstante, estas cifras no son las que caracterizan a este futbolista, por lo que su agente considera, que la culpa de este mediano rendimiento se debe a las malas decisiones que toma <em>Pep<\/em> Guardiola.<\/p>\n","protected":false},"excerpt":{"rendered":"<p>&#8220;Lo ha destruido, siente que el entrenador no conf\u00eda en \u00e9l&#8221;, afirm\u00f3 el agente<\/p>\n","protected":false},"author":20,"featured_media":291044,"comment_status":"open","ping_status":"open","sticky":false,"template":"","format":"standard","meta":[],"categories":[3839,3844],"tags":[5706,5705,2510],"_links":{"self":[{"href":"http:\/\/desarrollo.grupomedios.com\/futbol\/wp-json\/wp\/v2\/posts\/291039"}],"collection":[{"href":"http:\/\/desarrollo.grupomedios.com\/futbol\/wp-json\/wp\/v2\/posts"}],"about":[{"href":"http:\/\/desarrollo.grupomedios.com\/futbol\/wp-json\/wp\/v2\/types\/post"}],"author":[{"embeddable":true,"href":"http:\/\/desarrollo.grupomedios.com\/futbol\/wp-json\/wp\/v2\/users\/20"}],"replies":[{"embeddable":true,"href":"http:\/\/desarrollo.grupomedios.com\/futbol\/wp-json\/wp\/v2\/comments?post=291039"}],"version-history":[{"count":0,"href":"http:\/\/desarrollo.grupomedios.com\/futbol\/wp-json\/wp\/v2\/posts\/291039\/revisions"}],"wp:featuredmedia":[{"embeddable":true,"href":"http:\/\/desarrollo.grupomedios.com\/futbol\/wp-json\/wp\/v2\/media\/291044"}],"wp:attachment":[{"href":"http:\/\/desarrollo.grupomedios.com\/futbol\/wp-json\/wp\/v2\/media?parent=291039"}],"wp:term":[{"taxonomy":"category","embeddable":true,"href":"http:\/\/desarrollo.grupomedios.com\/futbol\/wp-json\/wp\/v2\/categories?post=291039"},{"taxonomy":"post_tag","embeddable":true,"href":"http:\/\/desarrollo.grupomedios.com\/futbol\/wp-json\/wp\/v2\/tags?post=291039"}],"curies":[{"name":"wp","href":"https:\/\/api.w.org\/{rel}","templated":true}]}}