{"id":291247,"date":"2015-07-06T11:42:30","date_gmt":"2015-07-06T16:42:30","guid":{"rendered":"http:\/\/futboltotal.com.mx\/?p=291247"},"modified":"2015-07-06T11:42:30","modified_gmt":"2015-07-06T16:42:30","slug":"antalyaspor-quiere-fichar-a-messi-en-cinco-anos","status":"publish","type":"post","link":"http:\/\/desarrollo.grupomedios.com\/futbol\/futbol-internacional\/antalyaspor-quiere-fichar-a-messi-en-cinco-anos\/2015\/07","title":{"rendered":"Antalyaspor quiere fichar a Messi&#8230; en cinco a\u00f1os"},"content":{"rendered":"<p><strong>Antalyaspor<\/strong>, el equipo turco que firm\u00f3 a <strong>Ronaldinho<\/strong> y <strong>Samuel Eto&#8217;o<\/strong> este verano, revel\u00f3 la parte m\u00e1s ambiciosa de su plan: fichar a Lionel Messi.<\/p>\n<p>El presidente del club, Guletkin Gencer, aclara que no se piensa en el fichaje de Messi en este momento, sino para el 2020. &#8220;Espero que el siguiente presidente pueda traer a Messi en cinco a\u00f1os,&#8221; le dijo a <em>LigTV<\/em> en Turqu\u00eda.<\/p>\n<p>Tras ascender a la SuperLig de Turqu\u00eda, el equipo ha llamado la atenci\u00f3n por fichar a dos exestrellas del Barcelona, Ronaldinho Gaucho y Samuel Eto&#8217;o, por lo que el tema de continuar fichando jugadores que hayan pasado por el Camp Nou se present\u00f3 a Gencer durante la conversaci\u00f3n con la televisora turca.<\/p>\n<p>Los fichajes servir\u00e1n adem\u00e1s para atraer inter\u00e9s al Nuevo Estadio Antalya, el inmueble donde el club jugar\u00e1 pr\u00f3ximamente, y que tiene capacidad para m\u00e1s de 40,000 espectadores. El estadio fue contemplado para la candidatura de Turqu\u00eda, que intent\u00f3 ser sede de la <strong>EURO 2016<\/strong>, torneo que eventualmente fue otorgado a Francia.<\/p>\n<p>Ser\u00e1 la primera vez desde 2008 que Ronaldinho y Eto&#8217;o est\u00e9n en el mismo equipo. A la llegada de Josep Guardiola al banquillo de Barcelona en ese a\u00f1o, famosamente dijo que no contaba con el brasile\u00f1o ni con el camerun\u00e9s. Ronaldinho se march\u00f3 al Milan ese verano, mientras que Eto&#8217;o se qued\u00f3 una temporada m\u00e1s antes de ser vendido al Inter Mil\u00e1n.<\/p>\n","protected":false},"excerpt":{"rendered":"<p>Ronaldinho, Eto&#8217;o y Messi no han jugado juntos desde el 2008<\/p>\n","protected":false},"author":20,"featured_media":291252,"comment_status":"open","ping_status":"open","sticky":false,"template":"","format":"standard","meta":[],"categories":[3839,3844],"tags":[248,5997],"_links":{"self":[{"href":"http:\/\/desarrollo.grupomedios.com\/futbol\/wp-json\/wp\/v2\/posts\/291247"}],"collection":[{"href":"http:\/\/desarrollo.grupomedios.com\/futbol\/wp-json\/wp\/v2\/posts"}],"about":[{"href":"http:\/\/desarrollo.grupomedios.com\/futbol\/wp-json\/wp\/v2\/types\/post"}],"author":[{"embeddable":true,"href":"http:\/\/desarrollo.grupomedios.com\/futbol\/wp-json\/wp\/v2\/users\/20"}],"replies":[{"embeddable":true,"href":"http:\/\/desarrollo.grupomedios.com\/futbol\/wp-json\/wp\/v2\/comments?post=291247"}],"version-history":[{"count":0,"href":"http:\/\/desarrollo.grupomedios.com\/futbol\/wp-json\/wp\/v2\/posts\/291247\/revisions"}],"wp:featuredmedia":[{"embeddable":true,"href":"http:\/\/desarrollo.grupomedios.com\/futbol\/wp-json\/wp\/v2\/media\/291252"}],"wp:attachment":[{"href":"http:\/\/desarrollo.grupomedios.com\/futbol\/wp-json\/wp\/v2\/media?parent=291247"}],"wp:term":[{"taxonomy":"category","embeddable":true,"href":"http:\/\/desarrollo.grupomedios.com\/futbol\/wp-json\/wp\/v2\/categories?post=291247"},{"taxonomy":"post_tag","embeddable":true,"href":"http:\/\/desarrollo.grupomedios.com\/futbol\/wp-json\/wp\/v2\/tags?post=291247"}],"curies":[{"name":"wp","href":"https:\/\/api.w.org\/{rel}","templated":true}]}}