{"id":291314,"date":"2015-07-06T15:21:32","date_gmt":"2015-07-06T20:21:32","guid":{"rendered":"http:\/\/futboltotal.com.mx\/?p=291314"},"modified":"2015-07-06T15:24:59","modified_gmt":"2015-07-06T20:24:59","slug":"barcelona-podria-devolver-a-arda-turan","status":"publish","type":"post","link":"http:\/\/desarrollo.grupomedios.com\/futbol\/futbol-internacional\/barcelona-podria-devolver-a-arda-turan\/2015\/07","title":{"rendered":"Barcelona podr\u00eda devolver a Arda Turan"},"content":{"rendered":"<p>El fichaje de <strong>Arda Turan<\/strong> con el <strong>Barcelona<\/strong> fue realizado a petici\u00f3n expresa del entrenador Luis Enrique, sin embargo; podr\u00eda dejar de vestir la camiseta de los<em> Cul\u00e9s<\/em> antes de lo previsto en caso de que el pr\u00f3ximo presidente del club lo decida.<\/p>\n<p>As\u00ed lo inform\u00f3 el Barcelona a trav\u00e9s de su p\u00e1gina web, tras anunciar este lunes<a href=\"http:\/\/futboltotal.com.mx\/2015\/07\/barcelona-ficha-a-arda-turan\/\"> la contrataci\u00f3n del centrocampista turoc por las pr\u00f3ximas cinco temporadas.<\/a><\/p>\n<p>En el documento explica que la Comisi\u00f3n Gestora de la entidad fue la responsable del fichaje, debido a que se acord\u00f3 en pleno proceso electoral y en ausencia de Josep Mar\u00eda Bartomeu, quien renunci\u00f3 a su cargo el mes pasado para buscar la relecci\u00f3n a la presidencia del club.<\/p>\n<p>Asimismo apunta que el acuerdo con el Atl\u00e9tico de Madrid incluye una cl\u00e1usula que da v\u00eda libre al futuro mandatario, elegido el pr\u00f3ximo 18 de julio, para devolver al fichaje encarrilado por Josep Mar\u00eda Bartomeu 48 horas despu\u00e9s de las elecciones.<\/p>\n<p><span id=\"result_box\" lang=\"es\"><span title=\"El contracte de trasp\u00e0s incorpora una opci\u00f3 de venda del jugador a l'Atl\u00e8tic de Madrid per l'import fix de l'operaci\u00f3 menys un 10% en concepte de prima de l'opci\u00f3.\">&#8220;El contrato de traspaso incorpora una opci\u00f3n de venta del jugador al Atl\u00e9tico de Madrid por el importe fijo de la operaci\u00f3n menos un 10% en concepto de prima de la opci\u00f3n. <\/span><span title=\"Aquesta opci\u00f3 de venda podr\u00e0 ser exercida pel FC Barcelona fins a les 24 hores del dia 20 de juliol, a fi i efecte que la pr\u00f2xima Junta Directiva del Club pogu\u00e9s, en el seu cas, executar-la.&lt;\/p&gt;\n&lt;p&gt;\">Esta opci\u00f3n de venta podr\u00e1 ser ejercida por el FC Barcelona hasta las 24 horas del d\u00eda 20 de julio, a fin de que la pr\u00f3xima Junta Directiva del Club pudiera, en su caso, ejecutarla&#8221;, informa el FC Barcelona.<br \/>\n<\/span><\/span><\/p>\n<p>El Barcelona acord\u00f3 el traspaso de Arda por 34 millones de euros m\u00e1s, por lo que en caso de hacer valida esta cl\u00e1usula perder\u00eda 3.4 millones de euros.<\/p>\n","protected":false},"excerpt":{"rendered":"<p>Los Cul\u00e9s explican por qu\u00e9 pueden dejar ir a su fichaje estelar<\/p>\n","protected":false},"author":20,"featured_media":291328,"comment_status":"open","ping_status":"open","sticky":false,"template":"","format":"standard","meta":[],"categories":[3839,3844],"tags":[6055,5984],"_links":{"self":[{"href":"http:\/\/desarrollo.grupomedios.com\/futbol\/wp-json\/wp\/v2\/posts\/291314"}],"collection":[{"href":"http:\/\/desarrollo.grupomedios.com\/futbol\/wp-json\/wp\/v2\/posts"}],"about":[{"href":"http:\/\/desarrollo.grupomedios.com\/futbol\/wp-json\/wp\/v2\/types\/post"}],"author":[{"embeddable":true,"href":"http:\/\/desarrollo.grupomedios.com\/futbol\/wp-json\/wp\/v2\/users\/20"}],"replies":[{"embeddable":true,"href":"http:\/\/desarrollo.grupomedios.com\/futbol\/wp-json\/wp\/v2\/comments?post=291314"}],"version-history":[{"count":0,"href":"http:\/\/desarrollo.grupomedios.com\/futbol\/wp-json\/wp\/v2\/posts\/291314\/revisions"}],"wp:featuredmedia":[{"embeddable":true,"href":"http:\/\/desarrollo.grupomedios.com\/futbol\/wp-json\/wp\/v2\/media\/291328"}],"wp:attachment":[{"href":"http:\/\/desarrollo.grupomedios.com\/futbol\/wp-json\/wp\/v2\/media?parent=291314"}],"wp:term":[{"taxonomy":"category","embeddable":true,"href":"http:\/\/desarrollo.grupomedios.com\/futbol\/wp-json\/wp\/v2\/categories?post=291314"},{"taxonomy":"post_tag","embeddable":true,"href":"http:\/\/desarrollo.grupomedios.com\/futbol\/wp-json\/wp\/v2\/tags?post=291314"}],"curies":[{"name":"wp","href":"https:\/\/api.w.org\/{rel}","templated":true}]}}