{"id":291326,"date":"2015-07-06T17:58:40","date_gmt":"2015-07-06T22:58:40","guid":{"rendered":"http:\/\/futboltotal.com.mx\/?p=291326"},"modified":"2015-07-07T10:04:47","modified_gmt":"2015-07-07T15:04:47","slug":"carlos-vela-podria-reemplazar-a-arda-turan","status":"publish","type":"post","link":"http:\/\/desarrollo.grupomedios.com\/futbol\/destacado-home\/carlos-vela-podria-reemplazar-a-arda-turan\/2015\/07","title":{"rendered":"Carlos Vela podr\u00eda reemplazar a Arda Turan"},"content":{"rendered":"<p>La salida de Arda Turan del Atl\u00e9tico Madrid le deja un hueco importante al equipo de Diego Simeone, uno donde incluso el mexicano <strong>Carlos Vela<\/strong> puede aparecer para reforzar al equipo <em>colchonero<\/em>.<\/p>\n<p>Seg\u00fan un reporte espa\u00f1ol, el jugador mexicano est\u00e1 en una lista muy corta de elementos que podr\u00edan entrar al quite por Arda. Adem\u00e1s de Carlos Vela, el argentino<strong> Nico Gait\u00e1n<\/strong> ha sido se\u00f1alado como posibilidad, seg\u00fan un reporte de <em>Mundo Deportivo<\/em>, pero el precio solicitado no convence a la directiva del Atl\u00e9tico Madrid.<\/p>\n<p>El nombre m\u00e1s reciente que ha aparecido es aquel de Ferreira Carrasco, jugador del <strong>M\u00f3naco<\/strong> en la Ligue 1. El director deportivo del cuadro destac\u00f3 que el elemento est\u00e1 contemplado para la pretemporada del M\u00f3naco, pero que &#8220;nunca se sabe&#8221;, en referencia a un potencial traspaso a la liga espa\u00f1ola.<\/p>\n<p>Junto a Gait\u00e1n, la alza de precio en la carta del mexicano podr\u00eda detener el fichaje en Atl\u00e9tico Madrid de Carlos Vela, ya que varios medios espa\u00f1oles comentan que la carta del jugador de <strong>Real Sociedad<\/strong> solamente se liberar\u00eda con el pago de la cl\u00e1usula de rescisi\u00f3n, actualmente valorada en poco m\u00e1s de 33 millones de d\u00f3lares.<\/p>\n<p>Ser\u00eda el segundo fichaje de jugador mexicano en dos temporadas para el equipo dirigido por Diego Simeone, aunque la continuidad de Ra\u00fal Jim\u00e9nez con la entidad madrile\u00f1a se encuentra en suspenso gracias al potencial pr\u00e9stamo que se negoc\u00eda con <strong>Granada<\/strong>.<\/p>\n","protected":false},"excerpt":{"rendered":"<p>El mexicano se menciona como potencial refuerzo del Atl\u00e9tico Madrid<\/p>\n","protected":false},"author":20,"featured_media":291465,"comment_status":"open","ping_status":"open","sticky":false,"template":"","format":"standard","meta":[],"categories":[5,3839,2198,3844,3847],"tags":[6055,6048],"_links":{"self":[{"href":"http:\/\/desarrollo.grupomedios.com\/futbol\/wp-json\/wp\/v2\/posts\/291326"}],"collection":[{"href":"http:\/\/desarrollo.grupomedios.com\/futbol\/wp-json\/wp\/v2\/posts"}],"about":[{"href":"http:\/\/desarrollo.grupomedios.com\/futbol\/wp-json\/wp\/v2\/types\/post"}],"author":[{"embeddable":true,"href":"http:\/\/desarrollo.grupomedios.com\/futbol\/wp-json\/wp\/v2\/users\/20"}],"replies":[{"embeddable":true,"href":"http:\/\/desarrollo.grupomedios.com\/futbol\/wp-json\/wp\/v2\/comments?post=291326"}],"version-history":[{"count":0,"href":"http:\/\/desarrollo.grupomedios.com\/futbol\/wp-json\/wp\/v2\/posts\/291326\/revisions"}],"wp:featuredmedia":[{"embeddable":true,"href":"http:\/\/desarrollo.grupomedios.com\/futbol\/wp-json\/wp\/v2\/media\/291465"}],"wp:attachment":[{"href":"http:\/\/desarrollo.grupomedios.com\/futbol\/wp-json\/wp\/v2\/media?parent=291326"}],"wp:term":[{"taxonomy":"category","embeddable":true,"href":"http:\/\/desarrollo.grupomedios.com\/futbol\/wp-json\/wp\/v2\/categories?post=291326"},{"taxonomy":"post_tag","embeddable":true,"href":"http:\/\/desarrollo.grupomedios.com\/futbol\/wp-json\/wp\/v2\/tags?post=291326"}],"curies":[{"name":"wp","href":"https:\/\/api.w.org\/{rel}","templated":true}]}}